{"id":3146,"date":"2024-09-29T14:22:57","date_gmt":"2024-09-29T14:22:57","guid":{"rendered":"https:\/\/www.hengesbach-gallery.com\/ola-billgren\/"},"modified":"2025-08-28T16:59:11","modified_gmt":"2025-08-28T16:59:11","slug":"ola-billgren","status":"publish","type":"post","link":"https:\/\/www.hengesbach-gallery.com\/en\/ola-billgren\/","title":{"rendered":"Ola Billgren"},"content":{"rendered":"\n<div class=\"wp-block-cover alignfull\"><span aria-hidden=\"true\" class=\"wp-block-cover__background has-background-dim-0 has-background-dim\" style=\"background-color:#bb1b10\"><\/span><img loading=\"lazy\" decoding=\"async\" width=\"512\" height=\"650\" class=\"wp-block-cover__image-background wp-image-211\" alt=\"\" src=\"http:\/\/www.hengesbach-gallery.com\/wp-content\/uploads\/2024\/09\/Bi_XRayChamber_20001315x104cm.jpg\" data-object-fit=\"cover\" srcset=\"https:\/\/www.hengesbach-gallery.com\/wp-content\/uploads\/2024\/09\/Bi_XRayChamber_20001315x104cm.jpg 512w, https:\/\/www.hengesbach-gallery.com\/wp-content\/uploads\/2024\/09\/Bi_XRayChamber_20001315x104cm-236x300.jpg 236w\" sizes=\"auto, (max-width: 512px) 100vw, 512px\" \/><div class=\"wp-block-cover__inner-container has-global-padding is-layout-constrained wp-block-cover-is-layout-constrained\"><h2 class=\"has-text-align-center has-link-color wp-elements-d627c6ae2477c94e839ab0be3c38731a wp-block-post-title has-text-color has-base-2-color has-xx-large-font-size\">Ola Billgren<\/h2>\n\n\n<p class=\"has-text-align-center has-large-font-size\">Sweden<\/p>\n<\/div><\/div>\n\n<div class=\"wp-block-columns is-layout-flex wp-container-core-columns-is-layout-b0bab6eb wp-block-columns-is-layout-flex\" style=\"margin-top:var(--wp--preset--spacing--40);margin-bottom:var(--wp--preset--spacing--40)\">\n<div class=\"wp-block-column is-layout-flow wp-block-column-is-layout-flow\">\n<p class=\"has-small-font-size\" style=\"line-height:1.7\">Ola Billgren\u2019s paintings provide the viewer with insights into a relationship with easel painting since 1960. In earlier works, the renowned Swedish painter who passed away in 2001, especially investigated questions of representation, devoting himself to the role of the individual in the picture. Similar to his contemporaries Richard Hamilton and Gerhard Richter, Billgren began his quest by transmitting filmic strategies onto canvas. In the middle of the 70s, Billgren approached the discussion about mythological mirroring effects with partly symbolically charged portraits, and continued it into the 80s where he found a lyrical, romantic\/dark, abstract, scenic expression. At the start of the 90s, he finally moved from representational painting to conceptually structural grid works. The desire to formulate a contemporary means of representation of classical easel work pervades his representational works and the atmospheric visual spaces. A presaging, a moment of suspension, these characterize his landscapes and portraits. To understand this effect, simply looking is not enough. His works demand an active positioning. These are motifs between figurative address and media reflection.         <\/p>\n<\/div>\n<\/div>\n\n<p class=\"has-large-font-size\">Works<\/p>\n\n<figure class=\"wp-block-image size-full is-resized\"><img loading=\"lazy\" decoding=\"async\" width=\"512\" height=\"650\" src=\"http:\/\/www.hengesbach-gallery.com\/wp-content\/uploads\/2024\/09\/Bi_XRayChamber_20001315x104cm.jpg\" alt=\"X-Ray Chamber 2000\" class=\"wp-image-211\" style=\"width:620px;height:auto\" srcset=\"https:\/\/www.hengesbach-gallery.com\/wp-content\/uploads\/2024\/09\/Bi_XRayChamber_20001315x104cm.jpg 512w, https:\/\/www.hengesbach-gallery.com\/wp-content\/uploads\/2024\/09\/Bi_XRayChamber_20001315x104cm-236x300.jpg 236w\" sizes=\"auto, (max-width: 512px) 100vw, 512px\" \/><figcaption class=\"wp-element-caption\"><br\/><em>X-Ray Chamber<\/em>, 2000, oil on canvas, 131.5 x 104 cm<\/figcaption><\/figure>\n\n<figure class=\"wp-block-image size-full\"><img loading=\"lazy\" decoding=\"async\" width=\"500\" height=\"527\" src=\"http:\/\/www.hengesbach-gallery.com\/wp-content\/uploads\/2024\/09\/Bi_NovemberGarden_2000_60x57cm.jpg\" alt=\"November Garden 2000\" class=\"wp-image-224\" srcset=\"https:\/\/www.hengesbach-gallery.com\/wp-content\/uploads\/2024\/09\/Bi_NovemberGarden_2000_60x57cm.jpg 500w, https:\/\/www.hengesbach-gallery.com\/wp-content\/uploads\/2024\/09\/Bi_NovemberGarden_2000_60x57cm-285x300.jpg 285w\" sizes=\"auto, (max-width: 500px) 100vw, 500px\" \/><figcaption class=\"wp-element-caption\"><br\/><em>November Garden<\/em>, 2000, oil on canvas, 60 x 57 cm<\/figcaption><\/figure>\n\n<figure class=\"wp-block-image size-full\"><img loading=\"lazy\" decoding=\"async\" width=\"466\" height=\"650\" src=\"http:\/\/www.hengesbach-gallery.com\/wp-content\/uploads\/2024\/09\/Bi_RomanStatue_2000_1355x985cm.jpg\" alt=\"Roman Statue 2000\" class=\"wp-image-225\" srcset=\"https:\/\/www.hengesbach-gallery.com\/wp-content\/uploads\/2024\/09\/Bi_RomanStatue_2000_1355x985cm.jpg 466w, https:\/\/www.hengesbach-gallery.com\/wp-content\/uploads\/2024\/09\/Bi_RomanStatue_2000_1355x985cm-215x300.jpg 215w\" sizes=\"auto, (max-width: 466px) 100vw, 466px\" \/><figcaption class=\"wp-element-caption\"><br\/><em>Roman Statue<\/em>, 2000, \u00d6l auf Leinwand, 135,5 x 98,5 cm<\/figcaption><\/figure>\n\n<figure class=\"wp-block-image size-full\"><img loading=\"lazy\" decoding=\"async\" width=\"800\" height=\"563\" src=\"http:\/\/www.hengesbach-gallery.com\/wp-content\/uploads\/2024\/09\/Bi_LandschaftSkane_2000_80x114cm-1.jpg\" alt=\"Landscape Sk&#xE5;ne 2000 &#10;\" class=\"wp-image-226\" srcset=\"https:\/\/www.hengesbach-gallery.com\/wp-content\/uploads\/2024\/09\/Bi_LandschaftSkane_2000_80x114cm-1.jpg 800w, https:\/\/www.hengesbach-gallery.com\/wp-content\/uploads\/2024\/09\/Bi_LandschaftSkane_2000_80x114cm-1-300x211.jpg 300w, https:\/\/www.hengesbach-gallery.com\/wp-content\/uploads\/2024\/09\/Bi_LandschaftSkane_2000_80x114cm-1-768x540.jpg 768w\" sizes=\"auto, (max-width: 800px) 100vw, 800px\" \/><figcaption class=\"wp-element-caption\"><br\/><em>Landschaft Sk\u00e5ne<\/em>, 2000, \u00d6l auf Leinwand, 80 x 114 cm<\/figcaption><\/figure>\n\n<figure class=\"wp-block-image size-full is-resized\"><img loading=\"lazy\" decoding=\"async\" width=\"800\" height=\"589\" src=\"http:\/\/www.hengesbach-gallery.com\/wp-content\/uploads\/2024\/09\/Bi_HillSkane_2000_965x1295cm_2.jpg\" alt=\"\" class=\"wp-image-461\" style=\"width:620px;height:auto\" srcset=\"https:\/\/www.hengesbach-gallery.com\/wp-content\/uploads\/2024\/09\/Bi_HillSkane_2000_965x1295cm_2.jpg 800w, https:\/\/www.hengesbach-gallery.com\/wp-content\/uploads\/2024\/09\/Bi_HillSkane_2000_965x1295cm_2-300x221.jpg 300w, https:\/\/www.hengesbach-gallery.com\/wp-content\/uploads\/2024\/09\/Bi_HillSkane_2000_965x1295cm_2-768x565.jpg 768w\" sizes=\"auto, (max-width: 800px) 100vw, 800px\" \/><figcaption class=\"wp-element-caption\"><br\/><em>Hill Sk\u00e5ne<\/em>, 2000, \u00d6l auf Leinwand, 96,5 x 129,5 cm<\/figcaption><\/figure>\n\n<figure class=\"wp-block-image size-full\"><img loading=\"lazy\" decoding=\"async\" width=\"800\" height=\"520\" src=\"http:\/\/www.hengesbach-gallery.com\/wp-content\/uploads\/2024\/09\/Bi_Klaednad4_195x293cm.jpg\" alt=\"\" class=\"wp-image-462\" srcset=\"https:\/\/www.hengesbach-gallery.com\/wp-content\/uploads\/2024\/09\/Bi_Klaednad4_195x293cm.jpg 800w, https:\/\/www.hengesbach-gallery.com\/wp-content\/uploads\/2024\/09\/Bi_Klaednad4_195x293cm-300x195.jpg 300w, https:\/\/www.hengesbach-gallery.com\/wp-content\/uploads\/2024\/09\/Bi_Klaednad4_195x293cm-768x499.jpg 768w\" sizes=\"auto, (max-width: 800px) 100vw, 800px\" \/><figcaption class=\"wp-element-caption\"><br\/><em>Kl\u00e4dnad IV<\/em>, 1990, \u00d6l auf Leinwand, 195 x 293 cm (Diptych)<\/figcaption><\/figure>\n\n<figure class=\"wp-block-image size-full\"><img loading=\"lazy\" decoding=\"async\" width=\"800\" height=\"444\" src=\"http:\/\/www.hengesbach-gallery.com\/wp-content\/uploads\/2024\/09\/Bi_Untitled_1991_190x350cm.jpg\" alt=\"\" class=\"wp-image-463\" srcset=\"https:\/\/www.hengesbach-gallery.com\/wp-content\/uploads\/2024\/09\/Bi_Untitled_1991_190x350cm.jpg 800w, https:\/\/www.hengesbach-gallery.com\/wp-content\/uploads\/2024\/09\/Bi_Untitled_1991_190x350cm-300x167.jpg 300w, https:\/\/www.hengesbach-gallery.com\/wp-content\/uploads\/2024\/09\/Bi_Untitled_1991_190x350cm-768x426.jpg 768w\" sizes=\"auto, (max-width: 800px) 100vw, 800px\" \/><figcaption class=\"wp-element-caption\"><br\/><em>Untitled<\/em>, 1991, oil on canvas, 190 x 350 cm<\/figcaption><\/figure>\n\n<p class=\"has-large-font-size\">Biography<\/p>\n\n<p class=\"has-small-font-size\" style=\"line-height:1.7\">1940 geboren in L\u00f6derup (S)<br\/>2001 gestorben in Malm\u00f6 (S)<\/p>\n\n<p class=\"has-large-font-size\">Solo exhibitions<\/p>\n\n<p class=\"has-small-font-size\" style=\"line-height:1.7\">2002 \u201eOla Billgren till minne\u201c, Rooseum Center for Contemporary Art, Malm\u00f6 (S)<br\/>2001 Rolf Hengesbach\/R\u00e4ume f\u00fcr neue Kunst, Wuppertal (D)<br\/>2000 Galleri Engstr\u00f6m, Stockholm<br\/>1999 \u201eOla Billgren, Malerei\u201c Westf\u00e4lischer Kunstverein, M\u00fcnster (D) Galerie Leger, Malm\u00f6 (S)<br\/>1998 \u201eFotografi\u201c, Galleri Annexet, Malm\u00f6 (S) G\u00f6teborgs Konstmuseum(S) Sundsvalls Museum (S)<br\/>1997 R\u00e4ume f\u00fcr Neue Kunst, Rolf Hengesbach, Wuppertal (D) \u201eTill natten\u201c, Galerie Leger, Malm\u00f6 (S)<br\/>1996 \u201ePomejansk Interi\u00f6r\u201c, Galerie Susanne Ottesen, Copenhagen Galleri Engstr\u00f6m, Stockholm<br\/>1994 Galerie Susanne Ottesen, Copenhagen \u201eLandskap med torn\u201c, \u00d6sterg\u00f6tlands L\u00e4ns Museum, Link\u00f6ping (S) Bildmuseet Ume\u00e5 (S)<br\/>1991 Retrospektiv, Rooseum, Malm\u00f6 (S) Galleri Engstr\u00f6m, Stockholm Retrospektiv, Moderna Museet, Stockholm<br\/>1989 Galerie Leger, Malm\u00f6 (S)<br\/>1988 Galleri Engstr\u00f6m, Stockholm<br\/>1986 Galleri Engstr\u00f6m, Stockholm<br\/>1985 Centre Culturel Suedoise, Paris<br\/>1984 Galerie Asbaeck, Copenhagen<br\/>1983 Galleri Engstr\u00f6m, Stockholm Galleri Wallner, Malm\u00f6 (S)<br\/>1982 Galleri Engstr\u00f6m, Stockholm<br\/>1981 Galleri Wallner, Malm\u00f6 (S) Galleri 69, G\u00f6teborg (S) Konsthallen Bor\u00e5s (S)<br\/>1980 Krognoshuset, Lund (S)<br\/>1979 Galleri Engstr\u00f6m, Stockholm Konstmuseet i Ystad (S) Konsthallen, Bor\u00e5s (S)<br\/>1974 Galleri Anders Tornberg, Lund (S) Svenska Bilder, Stockholm<br\/>1972 Galleri 69, G\u00f6teborg (S) Krognoshuset, Lund (S)<br\/>1970 Galleri Belle, V\u00e4ster\u00e5s (S)<br\/>1968 Krognoshuset, Lund (S)<br\/>1967 G\u00e4vle Museum (S)<br\/>1966 Galleri Karlsson, Stockholm<br\/>1965 De Ungas Artotek, Malm\u00f6 (S)<br\/>1962 Lilla Konstsalongen, Malm\u00f6 (S)<\/p>\n\n<p class=\"has-large-font-size\">Group exhibitions<\/p>\n\n<p class=\"has-small-font-size\" style=\"line-height:1.7\">2013 \u201eBildfrost (frozenness)\u201c, Hengesbach Gallery, Berlin (D)<br\/>2012 \u201e20 YEARS\u201c, Hengesbach Gallery, Berlin<br\/>1999 \u201eFacetter af Nordeuropeisk Kunst\u201c, S\u00f8nderjyllands Kunstmuseum T\u00f8nder (DK)<br\/>1998 \u201eMemento Metropolis\u201c, Kulturfabriken Stockholm<br\/>1987 \u201eHelldunkelhell\u201c, K\u00fcnstlerhaus Bethanien Berlin<br\/>1984 \u201eBuscando el Norte\u201c, Museo National del Arte Contempor\u00e1neo Madrid<br\/>1980 The Nordic pavilion, Biennale di Venezia<br\/>1975 \u201eNeuer Realismus aus Schweden\u201c, Bonn, N\u00fcrnberg, Dortmund, L\u00fcbeck (D)<br\/>1970 \u201eSvenskt Alternativ\u201c, Moderna Museet Stockholm<br\/>1967 \u201e5. Biennale de Paris\u201c, Mus\u00e9e d\u2019Art Moderne de la Ville<\/p>\n\n<p class=\"has-large-font-size\">Collections<\/p>\n\n<p class=\"has-small-font-size\" style=\"line-height:1.7\">Konstmuseum, Konstmuseet Malm\u00f6 (S), The Fredrik Roos Collection Malm\u00f6 (S), Moderna Museet Stockholm (S), Nationalmuseum Stockholm (S), Bor\u00e5s Konstmuseum, G\u00f6teborg (S), Museet for Samtidskunst Oslo (DK), Statens Museum for Kunst Copenhagen (DK), Mus\u00e9e National d&#8217;Art Moderne Paris (F), Museum f\u00fcr Kunst und Kulturgeschichte der Hansestadt L\u00fcbeck (D), Von der Heydt-Museum Wuppertal (D), Louisiana Museum of Modern Art (USA)<\/p>\n\n<p><\/p>\n","protected":false},"excerpt":{"rendered":"<p>Ola Billgren\u2019s paintings provide the viewer with insights into a relationship with easel painting since 1960. In earlier works, the renowned Swedish painter who passed away in 2001, especially investigated questions of representation, devoting himself to the role of the individual in the picture. Similar to his contemporaries Richard Hamilton and Gerhard Richter, Billgren began [&hellip;]<\/p>\n","protected":false},"author":1,"featured_media":1787,"comment_status":"closed","ping_status":"closed","sticky":false,"template":"","format":"standard","meta":{"footnotes":""},"categories":[22],"tags":[],"class_list":["post-3146","post","type-post","status-publish","format-standard","has-post-thumbnail","hentry","category-artists-en"],"_links":{"self":[{"href":"https:\/\/www.hengesbach-gallery.com\/en\/wp-json\/wp\/v2\/posts\/3146","targetHints":{"allow":["GET"]}}],"collection":[{"href":"https:\/\/www.hengesbach-gallery.com\/en\/wp-json\/wp\/v2\/posts"}],"about":[{"href":"https:\/\/www.hengesbach-gallery.com\/en\/wp-json\/wp\/v2\/types\/post"}],"author":[{"embeddable":true,"href":"https:\/\/www.hengesbach-gallery.com\/en\/wp-json\/wp\/v2\/users\/1"}],"replies":[{"embeddable":true,"href":"https:\/\/www.hengesbach-gallery.com\/en\/wp-json\/wp\/v2\/comments?post=3146"}],"version-history":[{"count":1,"href":"https:\/\/www.hengesbach-gallery.com\/en\/wp-json\/wp\/v2\/posts\/3146\/revisions"}],"predecessor-version":[{"id":3147,"href":"https:\/\/www.hengesbach-gallery.com\/en\/wp-json\/wp\/v2\/posts\/3146\/revisions\/3147"}],"wp:featuredmedia":[{"embeddable":true,"href":"https:\/\/www.hengesbach-gallery.com\/en\/wp-json\/wp\/v2\/media\/1787"}],"wp:attachment":[{"href":"https:\/\/www.hengesbach-gallery.com\/en\/wp-json\/wp\/v2\/media?parent=3146"}],"wp:term":[{"taxonomy":"category","embeddable":true,"href":"https:\/\/www.hengesbach-gallery.com\/en\/wp-json\/wp\/v2\/categories?post=3146"},{"taxonomy":"post_tag","embeddable":true,"href":"https:\/\/www.hengesbach-gallery.com\/en\/wp-json\/wp\/v2\/tags?post=3146"}],"curies":[{"name":"wp","href":"https:\/\/api.w.org\/{rel}","templated":true}]}}