{"id":3189,"date":"2024-10-04T09:57:02","date_gmt":"2024-10-04T09:57:02","guid":{"rendered":"https:\/\/www.hengesbach-gallery.com\/luis-gordillo\/"},"modified":"2025-06-20T10:41:28","modified_gmt":"2025-06-20T10:41:28","slug":"luis-gordillo","status":"publish","type":"post","link":"https:\/\/www.hengesbach-gallery.com\/en\/luis-gordillo\/","title":{"rendered":"Luis Gordillo"},"content":{"rendered":"\n<div class=\"wp-block-cover alignfull\"><span aria-hidden=\"true\" class=\"wp-block-cover__background has-background-dim-0 has-background-dim\" style=\"background-color:#bb1b10\"><\/span><img loading=\"lazy\" decoding=\"async\" width=\"1500\" height=\"1185\" class=\"wp-block-cover__image-background wp-image-557\" alt=\"\" src=\"http:\/\/www.hengesbach-gallery.com\/wp-content\/uploads\/2024\/10\/Go_IdenticalIdiosync300ECF-1500x1185-1.jpg\" data-object-fit=\"cover\" srcset=\"https:\/\/www.hengesbach-gallery.com\/wp-content\/uploads\/2024\/10\/Go_IdenticalIdiosync300ECF-1500x1185-1.jpg 1500w, https:\/\/www.hengesbach-gallery.com\/wp-content\/uploads\/2024\/10\/Go_IdenticalIdiosync300ECF-1500x1185-1-300x237.jpg 300w, https:\/\/www.hengesbach-gallery.com\/wp-content\/uploads\/2024\/10\/Go_IdenticalIdiosync300ECF-1500x1185-1-1024x809.jpg 1024w, https:\/\/www.hengesbach-gallery.com\/wp-content\/uploads\/2024\/10\/Go_IdenticalIdiosync300ECF-1500x1185-1-768x607.jpg 768w\" sizes=\"auto, (max-width: 1500px) 100vw, 1500px\" \/><div class=\"wp-block-cover__inner-container has-global-padding is-layout-constrained wp-block-cover-is-layout-constrained\"><h2 class=\"has-text-align-center has-link-color wp-elements-d627c6ae2477c94e839ab0be3c38731a wp-block-post-title has-text-color has-base-2-color has-xx-large-font-size\">Luis Gordillo<\/h2>\n\n\n<p class=\"has-text-align-center has-large-font-size\">Spain<\/p>\n<\/div><\/div>\n\n<div class=\"wp-block-columns is-layout-flex wp-container-core-columns-is-layout-b0bab6eb wp-block-columns-is-layout-flex\" style=\"margin-top:var(--wp--preset--spacing--40);margin-bottom:var(--wp--preset--spacing--40)\">\n<div class=\"wp-block-column is-layout-flow wp-block-column-is-layout-flow\">\n<p class=\"has-small-font-size\" style=\"line-height:1.7\">Luis Gordillo, one of the most important contemporary Spanish painters and recipient of the Vel\u00e1zquez Prize, is considered a Pop Art artist. Starting from abstracted samples, he reduces and dissects his pictorial elements, arriving at organic forms that suggest both the microscopic and the corporeal. Through a continuous, rhythmic process of construction and deconstruction, he creates layered pictorial spaces that reflect the complexity and fragmentation of our urban environments.  <\/p>\n<\/div>\n<\/div>\n\n<p class=\"has-large-font-size\">Works<\/p>\n\n<figure class=\"wp-block-image size-full is-resized\"><img loading=\"lazy\" decoding=\"async\" width=\"1500\" height=\"1185\" src=\"http:\/\/www.hengesbach-gallery.com\/wp-content\/uploads\/2024\/10\/Go_IdenticalIdiosync300ECF-1500x1185-2.jpg\" alt=\"\" class=\"wp-image-558\" style=\"width:620px;height:auto\" srcset=\"https:\/\/www.hengesbach-gallery.com\/wp-content\/uploads\/2024\/10\/Go_IdenticalIdiosync300ECF-1500x1185-2.jpg 1500w, https:\/\/www.hengesbach-gallery.com\/wp-content\/uploads\/2024\/10\/Go_IdenticalIdiosync300ECF-1500x1185-2-300x237.jpg 300w, https:\/\/www.hengesbach-gallery.com\/wp-content\/uploads\/2024\/10\/Go_IdenticalIdiosync300ECF-1500x1185-2-1024x809.jpg 1024w, https:\/\/www.hengesbach-gallery.com\/wp-content\/uploads\/2024\/10\/Go_IdenticalIdiosync300ECF-1500x1185-2-768x607.jpg 768w\" sizes=\"auto, (max-width: 1500px) 100vw, 1500px\" \/><figcaption class=\"wp-element-caption\"><br\/><em>Identical Idiosyncrasy<\/em>, 2007, Acryl auf Leinwand, 1196 x 248 cm<\/figcaption><\/figure>\n\n<figure class=\"wp-block-image size-full is-resized\"><img loading=\"lazy\" decoding=\"async\" width=\"650\" height=\"701\" src=\"http:\/\/www.hengesbach-gallery.com\/wp-content\/uploads\/2024\/10\/Go_InnerHeavensA.jpg\" alt=\"\" class=\"wp-image-559\" style=\"width:620px;height:auto\" srcset=\"https:\/\/www.hengesbach-gallery.com\/wp-content\/uploads\/2024\/10\/Go_InnerHeavensA.jpg 650w, https:\/\/www.hengesbach-gallery.com\/wp-content\/uploads\/2024\/10\/Go_InnerHeavensA-278x300.jpg 278w\" sizes=\"auto, (max-width: 650px) 100vw, 650px\" \/><figcaption class=\"wp-element-caption\"><br\/><em>Inner Heavens A<\/em>, 2010, Acryl auf Leinwand, 220 x 205 cm<\/figcaption><\/figure>\n\n<figure class=\"wp-block-image size-full is-resized\"><img loading=\"lazy\" decoding=\"async\" width=\"650\" height=\"697\" src=\"http:\/\/www.hengesbach-gallery.com\/wp-content\/uploads\/2024\/10\/Go_InnerHeavensB.jpg\" alt=\"\" class=\"wp-image-560\" style=\"width:620px;height:auto\" srcset=\"https:\/\/www.hengesbach-gallery.com\/wp-content\/uploads\/2024\/10\/Go_InnerHeavensB.jpg 650w, https:\/\/www.hengesbach-gallery.com\/wp-content\/uploads\/2024\/10\/Go_InnerHeavensB-280x300.jpg 280w\" sizes=\"auto, (max-width: 650px) 100vw, 650px\" \/><figcaption class=\"wp-element-caption\"><br\/><em>Inner Heavens B<\/em>, 2010, Acryl auf Leinwand, 220 x 205 cm<\/figcaption><\/figure>\n\n<figure class=\"wp-block-image size-full is-resized\"><img loading=\"lazy\" decoding=\"async\" width=\"800\" height=\"582\" src=\"http:\/\/www.hengesbach-gallery.com\/wp-content\/uploads\/2024\/10\/Go_JurassicPark.jpg\" alt=\"\" class=\"wp-image-566\" style=\"width:620px;height:auto\" srcset=\"https:\/\/www.hengesbach-gallery.com\/wp-content\/uploads\/2024\/10\/Go_JurassicPark.jpg 800w, https:\/\/www.hengesbach-gallery.com\/wp-content\/uploads\/2024\/10\/Go_JurassicPark-300x218.jpg 300w, https:\/\/www.hengesbach-gallery.com\/wp-content\/uploads\/2024\/10\/Go_JurassicPark-768x559.jpg 768w\" sizes=\"auto, (max-width: 800px) 100vw, 800px\" \/><figcaption class=\"wp-element-caption\"><br\/><em>Jurassic Park<\/em>, 2009, Acryl auf Leinwand, 248 x 340 cm<\/figcaption><\/figure>\n\n<figure class=\"wp-block-image size-full is-resized\"><img loading=\"lazy\" decoding=\"async\" width=\"650\" height=\"990\" src=\"http:\/\/www.hengesbach-gallery.com\/wp-content\/uploads\/2024\/10\/Go_ReflexiveLogotypes.jpg\" alt=\"\" class=\"wp-image-562\" style=\"width:620px;height:auto\" srcset=\"https:\/\/www.hengesbach-gallery.com\/wp-content\/uploads\/2024\/10\/Go_ReflexiveLogotypes.jpg 650w, https:\/\/www.hengesbach-gallery.com\/wp-content\/uploads\/2024\/10\/Go_ReflexiveLogotypes-197x300.jpg 197w\" sizes=\"auto, (max-width: 650px) 100vw, 650px\" \/><figcaption class=\"wp-element-caption\"><br\/><em>Reflexive Logotypes<\/em>, 2010, Acryl auf Leinwand, Digitalprint, 347 x 230 cm<\/figcaption><\/figure>\n\n<figure class=\"wp-block-image size-full is-resized\"><img loading=\"lazy\" decoding=\"async\" width=\"800\" height=\"577\" src=\"http:\/\/www.hengesbach-gallery.com\/wp-content\/uploads\/2024\/10\/Go_ProcreacionRetiniana.jpg\" alt=\"\" class=\"wp-image-563\" style=\"width:620px;height:auto\" srcset=\"https:\/\/www.hengesbach-gallery.com\/wp-content\/uploads\/2024\/10\/Go_ProcreacionRetiniana.jpg 800w, https:\/\/www.hengesbach-gallery.com\/wp-content\/uploads\/2024\/10\/Go_ProcreacionRetiniana-300x216.jpg 300w, https:\/\/www.hengesbach-gallery.com\/wp-content\/uploads\/2024\/10\/Go_ProcreacionRetiniana-768x554.jpg 768w\" sizes=\"auto, (max-width: 800px) 100vw, 800px\" \/><figcaption class=\"wp-element-caption\"><br\/><em>Procreation of Retina<\/em>, 2008, Acryl auf Leinwand, 155 x 220 cm<\/figcaption><\/figure>\n\n<figure class=\"wp-block-image size-full is-resized\"><img loading=\"lazy\" decoding=\"async\" width=\"800\" height=\"564\" src=\"http:\/\/www.hengesbach-gallery.com\/wp-content\/uploads\/2024\/10\/Go_TwinVentures-1.jpg\" alt=\"\" class=\"wp-image-564\" style=\"width:620px;height:auto\" srcset=\"https:\/\/www.hengesbach-gallery.com\/wp-content\/uploads\/2024\/10\/Go_TwinVentures-1.jpg 800w, https:\/\/www.hengesbach-gallery.com\/wp-content\/uploads\/2024\/10\/Go_TwinVentures-1-300x212.jpg 300w, https:\/\/www.hengesbach-gallery.com\/wp-content\/uploads\/2024\/10\/Go_TwinVentures-1-768x541.jpg 768w\" sizes=\"auto, (max-width: 800px) 100vw, 800px\" \/><figcaption class=\"wp-element-caption\"><br\/><em>Twin ventures with collaborating insects<\/em>, 2010, Digitalprints, fotografische Elemente, 155 x 220 cm<\/figcaption><\/figure>\n\n<p class=\"has-large-font-size\">Biography<\/p>\n\n<p class=\"has-small-font-size\" style=\"line-height:1.7\">1934 born in Sevilla (E), lives and works in Madrid<\/p>\n\n<p class=\"has-large-font-size\">Awards \/ Scholarships<\/p>\n\n<p class=\"has-small-font-size\" style=\"line-height:1.7\">2012 Premio Nacional de Arte Grafico (E)<br\/>2007 Vel\u00e1zquez Fine Art Award (E)<br\/>2003 Painting Award Arag\u00f3n-Goya (E)<br\/>2000 Fine Art Award of the City of Barcelona (E)<br\/>1996 Medalla de oro al m\u00e9rito en las Bellas Artes (E)<br\/>1981 National Fine Arts Award (E)<\/p>\n\n<p class=\"has-large-font-size\">Solo-Exhibitions (selection)<\/p>\n\n<p class=\"has-small-font-size\" style=\"line-height:1.7\">2015 \u201eImplantaci\u00f3n de sue\u00f1os\u201c, Luis Adelantado, Mexico (MX)<br\/>2014 \u201eLuis Gordillo. XXL \/ XXI\u201c, Artium, Vitoria (E)<br\/>2013 Galer\u00eda Aural, Alicante (E)<br\/>2012 \u201cTocata y fuga\u201c, Marlborough Gallery, Madrid (E); \u201cContraespejo-s\u201c, Galer\u00eda Rafael Ortiz, Sevilla (E); \u201cHorizontalia\u201c, CAC Centro de Arte Contempor\u00e1neo, M\u00e1laga (E); Galeria Fernando Santos, Porto (P); \u201eOxigenando\u201c, Galer\u00eda Kuis Adelantado, M\u00e9xico D.F. (M); \u201eLuis Gordillo en Guatemala\u201c, Centro Municipal de Arte y Cultura, Guatemala (G); \u201ePintura Interrogada\u201c, Centro de Arte Contempor\u00e2nea de Bragan\u00e7a (P)<br\/>2011 \u201ePintura Interrogada\u201c, Fundacao D. Luis I, Cascais (P); \u201ePintura Interrogada\u201c, Pal\u00e1cio da Galeria, Tavira (P); \u201eArchipielago\u201c, Fundaci\u00f3n Cerezales, Le\u00f3n (E); Galeria Maior, Pollensa, Mallorca (E); Funda\u00e7\u00e3o D. Lu\u00eds I, Cascais (P);\u201cArchipielago, una revisi\u00f3n Grafica\u201c, Centro Cultural Cajastur, Palacio Revillagigedo, Gij\u00f3n (E)<br\/>2010 \u201eLuis Gordillo\u201c, Fundaci\u00f3 Su\u00f1ol, Barcelona (E), \u201eOrganic Logotypes\u201c, Hengesbach Gallery, Berlin (D); \u201ePolicentrico centr\u00edfugo vulnerable\u201c, Galer\u00eda Luis Adelantado, Valencia (E); \u201eContrastes\u201c, Galer\u00eda Marlborough, Madrid (E); \u201eIm\u00e1genes una voz. Obra gr\u00e1fica 1972-2008\u201c, Museo Gustavo de Maeztu, Estella-Lizarra, Navarra (E)<br\/>2009 Galer\u00eda Marlborough Chelsea, New York (US); \u201ePost-Coitum\u201c, Espacio Escala Cajasol, Sevilla (E); \u201eIm\u00e1genes una voz. Obra gr\u00e1fica 1972-2008\u201c, Museo del Grabado Espa\u00f1ol, Vitoria (E); Contempor\u00e1neo, Marbella. Museo Gustavo de Maeztu de Estella-Lizarra , Estelle (E); \u201eArchipi\u00e9lago\u201c, Galer\u00eda La Caja Negra, Madrid (E); \u201eObra Gr\u00e1fica Digital 2001-2009\u201c, Sala Zuloaga, Fuendetodos (E)<br\/>2008 \u201eIceberg Tropical\u201c, Kunst Museum, Bonn (D); Galer\u00eda Joan Prats, Barcelona (E)<br\/>2007 \u201eIceberg Tropical\u201c, Museo Nacional Centro de Arte Reina Sof\u00eda, Madrid (E); Galer\u00eda Gacma, M\u00e1laga (E); Galer\u00eda Maior, Mallorca (E); Galer\u00eda SCQ, Santiago de Compostela (E)<br\/>2006 Galer\u00eda Marlborough, Madrid (E); \u201eEspejos\/Miroirs\u201c, Instituto Cervantes Par\u00eds, Paris (FR); Galerie Michael Hasenclever, Munich (D); Museo de Zapop\u00e1n, Guadalajara, M\u00e9xico (MX); Col\u00f3n XVI, Bilbao (E)<br\/>2005 Galer\u00eda Maior, Mallorca (E); Galer\u00eda Rafael Ortiz, Sevilla (E)<br\/>2004 Galer\u00eda Luis Adelantado, Valencia (E); \u201eRetrovisor, procesos fotogr\u00e1ficos en los setenta\u201c, C\u00edrculo de Bellas Artes, Madrid (E); \u201eRecent Papers 2\u201c, Centro Cultural Caja Granada, Granada, Sala Vimcorsa, Cordoba (E); Galerie Rolf Hengesbach, K\u00f6ln (D); Galer\u00eda Siboney, Santander (E); \u201eGordillo Duplex\u201c, Museo de Arte Abstracto Espa\u00f1ol, Cuenca, Fundaci\u00f3n Juan March, Palma de Mallorca (E); \u201ePregordillo\u201c, Casa de la Provincia, Sevilla (E)<br\/>2003 Galer\u00eda Fernando Latorre, Zaragoza (E); Dahl Gallery of Contemporary Art, Lucerna (CH); Galer\u00eda Guillermo de Osma, Madrid (E); Galer\u00eda Estiarte, Madrid (E); Galer\u00eda Antonio Mach\u00f3n, Madrid (E); Galer\u00eda Marlborough, Madrid (E)<br\/>2002 Galer\u00eda Marlborough, Madrid (E); \u201eLuis Gordillo. Obra Gr\u00e1fica\u201c, Fundaci\u00f3n Antonio P\u00e9rez, Cuenca (E); Sala de Arte Robayera, Ayuntamiento de Miengo, Cantabria (E)<br\/>2001 Galeria Joan Prats, Barcelona (E); Galer\u00eda SCQ, Vigo (ES); Galer\u00eda Michael Hasenclever, Munich (D)<br\/>2000 \u201eAntol\u00f3gica\u201c, Museo Folkwang, Essen (D); Banco Zaragozano, Zaragoza (E); Galerie Michael Hasenclever, Munich (D); Galer\u00eda Rafael Ortiz, Sevilla (E); Galer\u00eda Silvia Ortiz, Denia (E)<br\/>1999 Galeria DV, San Sebasti\u00e1n (E); \u201eAntol\u00f3gica\u201c, MACBA, Barcelona (E); Museo Casa de la Moneda, Madrid (E)<br\/>1998 \u201eLuis Gordillo (1983 \u2013 1996)\u201c, Centro Cultural Casa del Cord\u00f3n, Burgos (E); Museo de Arte Contempor\u00e1neo Uni\u00f3n Fenosa, A Coru\u00f1a (E); Galeria Maior, Mallorca (E)<br\/>1997 Galer\u00eda Antonio Mach\u00f3n, Madrid (E); Galer\u00eda Estampa, Madrid (E); Galer\u00eda Salvador D\u00edaz, Madrid (E); C\u00edrculo de Bellas Artes, Madrid (E); Galer\u00eda SCQ, Santiago de Compostela (E); Galer\u00eda Magda Bellotti, Algeciras (E); R\u00e4ume f\u00fcr neue Kunst Rolf Hengesbach, Wuppertal (D); Caja Pamplona, Pamplona (P)                          <br\/>1996 Galer\u00eda Joan Prats, Barcelona (E); Galer\u00eda Trazos Tres, Santander (E); Colegio de Arquitectos de M\u00e1laga V (E)<br\/>1995 Galer\u00eda Luis Adelantado, Valencia V (E)<br\/>1994 \u201eAntol\u00f3gica a\u00f1os 80\u201c, Pabell\u00f3n Mud\u00e9jar, Seville (E); Meadows Museum, Dallas (US); \u201eAntol\u00f3gica\u201c, Palacio Almud\u00ed, Murcia, Palacio S\u00e1stago, Zaragoza, Sala Am\u00f3s Salvador, Logro\u00f1o (E); Galer\u00eda Rafael Ortiz, Sevilla (E); \u201eAntol\u00f3gica de Obra Gr\u00e1fica\u201c, Museo de Bellas Artes de Bilbao (E); Museo de Bellas Artes de Ibiza (E); Galer\u00eda Fernando Latorre, Zaragoza (E)<br\/>1993 Galer\u00eda Windsor Kulturgitza, Bilbao (E); Galer\u00eda Italia, Alicante (E); Fundaci\u00f3n Duques de Soria (E); Galer\u00eda Marlborough, Madrid (E); \u201eAntol\u00f3gica a\u00f1os 80\u201c, IVAM, Valencia (E)<br\/>1992 Marlborough Gallery, New York (US)<br\/>1991 Galerie Michael Hasenclever, Munich (D)<br\/>1990 Galer\u00eda Antonio Mach\u00f3n, Madrid (E)<br\/>1989 Galer\u00eda Magda Bellotti, Algeciras (E); Galer\u00eda Rafael Ortiz, Sevilla (E); Galer\u00eda Theo, Valencia (E); Torre de los Guzmanes, La Algaba, Sevilla (E)<br\/>1988 Galer\u00eda Soledad Lorenzo, Madrid (E); Galer\u00eda Joan Prats, Barcelona (E)<br\/>1987 Galer\u00eda Estampa, Madrid (E)<br\/>1986 Galer\u00eda Theo, Valencia (E)<br\/>1985 Galer\u00eda Fernando Vijande, Madrid (E); Galer\u00eda La M\u00e1quina Espa\u00f1ola, Sevilla (E)<br\/>1983 \u201eAntol\u00f3gica de dibujos\u201c, Monte de Piedad y Caja de Ahorros de Sevilla (E); Casa de Cultura de Zamora; Sala Parpall\u00f3, Valencia (E)<br\/>1982 Galer\u00eda Z, Zaragoza (E); Galer\u00eda Theo, Valencia (E); \u201eAntol\u00f3gica de dibujos\u201c, Museo de Vitoria (E)<br\/>1981 Galer\u00eda Carmen Durango, Valladolid (E); \u201eAntol\u00f3gica\u201c, Museo de Bellas Artes de Bilbao (E); Galer\u00eda Theo, Madrid (E); Galer\u00eda Fernando Vijande, Madrid (E)<br\/>1980 Galer\u00eda Juana de Aizpuru, Sevilla (E); Galer\u00eda Celini, Madrid (ES); Galer\u00eda Grupo 15, Madrid (E)<br\/>1978 Lunds Kunsthall, Lund (SE)<br\/>1977 Galer\u00eda Vandr\u00e9s, Madrid (E); \u201eAntol\u00f3gica\u201c, Sala de Exposiciones de la Direcci\u00f3n General del Patrimonio Art\u00edstico y Cultural, Madrid (E)<br\/>1976 Galer\u00eda Carmen Durango, Valladolid (E); Galer\u00eda Maeght, Barcelona (E)<br\/>1975 Galer\u00eda Buades, Madrid (E); Galer\u00eda Edurne, Madrid (E); Galer\u00eda Vandr\u00e9s, Madrid (E); Galer\u00eda Val i 30, Valencia (E)<br\/>1974 \u201eAntol\u00f3gica\u201c, Centro de Arte M\u201311, Sevilla (E); \u201eAntol\u00f3gica\u201c, Sala de Exposiciones Luz\u00e1n, Zaragoza (E)<br\/>1972 Galer\u00eda Ren\u00e9 Metras, Barcelona (E); Galer\u00eda Vandr\u00e9s, Madrid (E)<br\/>1971 Galer\u00eda Daniel, Madrid (E); Galer\u00eda Vandr\u00e9s, Madrid (ES); Galer\u00eda Juana de Aizpuru, Sevilla (E)<br\/>1968 Galer\u00eda Edurne, Madrid (E)<br\/>1967 Galer\u00eda La Pasarela, Sevilla (E)<br\/>1966 Galer\u00eda Edurne, Madrid (E)<br\/>1964 Galer\u00eda Edurne, Madrid (E)<br\/>1962 Sala de Club \u201cLa R\u00e1bida\u201d, Sevilla (E)<br\/>1959 Sala de Informaci\u00f3n y Turismo, Sevilla (E)<\/p>\n\n<p class=\"has-large-font-size\">Group-Exhibitions (selection)<\/p>\n\n<p class=\"has-small-font-size\" style=\"line-height:1.7\">2017 \u201eDISLOCATION 2017\u201c, Hengesbach Gallery, Wuppertal (D)<br\/>2015 \u201eLa realidad y el deseo\u201c, Galer\u00eda Fern\u00e1ndez Brasso, Madrid (E); \u201eMaestros espa\u00f1oles de la segunda mitad del siglo XX\u201c, Colecci\u00f3n Mariano Yera, Centro del Carme, Valencia (E); \u201eDe Zurbar\u00e1n a Picasso. Artistas andaluces en la colecci\u00f3n Abell\u00f3\u201c, Espacio Santa Clara, Sevilla (E)<br\/>2014 \u201eUno de cada\u201c, Centro de Arte Contempor\u00e1neo Domus Artium 2, Salamanca (E); \u201eDe luces mixtas\u201c, Galer\u00eda Marlborough, Madrid (E); \u201eEntre el Cielo y la Tierra. Doce miradas al Greco cuatrocientos a\u00f1os despu\u00e9s\u201c, Museo Nacional de Escultura, Valladolid, Real Academia de Bellas Artes de San Fernando, Madrid (E); \u201eMitos del Pop \/ Pop Art Myths\u201c, Museo Thyssen-Bornemisza, Madrid (E)<br\/>2013 \u201eConexiones: de Libres Para Siempre a Gordillo y al rev\u00e9s\u201c, Galer\u00eda Estampa, Madrid (E); \u201eOn Painting\u201c, CAAM. Las Palmas de Gran Canarias (E); \u201eColecci\u00f3n VIII. La disfunci\u00f3n del progreso\u201c, Centro de arte Dos de Mayo, Mostoles (E); \u201eCuando el mundo se hace plano. Artistas iberoamericanos en la colecci\u00f3n CAAM\u201c, San Mart\u00edn Centro de Cultura Contempor\u00e1nea, Las Palmas de Gran Canarias (E); \u201eAir_port_art\u201c, Colecci\u00f3n AENA de Arte Contempor\u00e1neo Fundacion Luis Seoane, A Coru\u00f1a (E); \u201eHola Spain\u201c, Seongnam Arts Center, Seoul (KR); \u201eEgo yo yo mio mio\u201c, Galeria Marlborough, Barcelona (E); PINTURA.PPPINTURAAA, Galeria Adora Calvo, Salamanca (E)<br\/>2012 \u201e20 YEARS\u201c, Hengesbach Gallery, Berlin (D); \u201eDe la revuelta a la posmodernidad (1962-1982)\u201c, MNCARS, Museo Nacional Centro de Arte Reina Sof\u00eda, Madrid (E)   <br\/>2011 \u201eLibres para pintar. Pintores en las Colecciones ICO\u201c, Salas ICO, Madrid (E); \u201eZoom\u201c, Galer\u00eda Marlborough, Madrid (E); \u201eArte esencial\u201c, Casino de la Exposi\u00f3n, Sevilla (E); Galeria Cayon, Madrid (E); \u201eDe luces mixtas, Galer\u00eda Marlborough, Madrid (E); \u201eFashion Art\u201c, Casino de la Exposi\u00f3n, Sevilla (E); \u201eLa imagen del sonido, MACBA, Museu d\u2019Art Contemporani de Barcelona (E); \u201eLibertad, Igualdad, Fraternidad\u201c, La Lonja, Zaragoza (E); \u201eAlcal\u00e1 31\u201c, Madrid (E); Centro De Arte Contempor\u00e1neo Huarte, Navarra (E)<br\/>2010 \u201eLa L\u00ednea Roja. Arte abstracto espa\u00f1ol en la colecci\u00f3n del IVAM\u201c Ivam, Valencia (E); \u201eEspa\u00f1a\/Am\u00e9rica. La abstracci\u00f3n redefinida\u201c Galer\u00eda Max Estrella, Madrid (E); \u201eLuis Gordillo\/Alberto Ba\u00f1uelos\u201c Galer\u00eda Salvador D\u00edaz, Madrid (E); \u201eLa Generaci\u00f3n del Entusiasmo\u201c Fundaci\u00f3n Chirivella Soriano, Valencia (E); \u201eIluminaci\u00f3n de contrastes\u201c Fundaci\u00f3n ICO, Madrid (E)<br\/>2009 \u201eLos esquizos de Madrid\u201c, Museo Nacional Centro de Arte Reina Sof\u00eda, Fundaci\u00f3n Su\u00f1ol, Barcelona, Centro Andaluz de Arte Contempor\u00e1neo, Sevilla (E); \u201eLibertad, Igualdad, Fraternidad\u201c, La Lonja, Zaragoza, Alcal\u00e1 31, Madrid, Centro De Arte Contempor\u00e1neo Huarte, Navarra (E)<br\/>2008 \u201eEspa\u00f1a 1957-2007\u201c, Palazzo Sant\u2019Elia, Instituto Cervantes, Palermo (I); \u201eLuis Gordillo, Manolo Quejido\u201c, Museo Nacional de Bellas Artes, La Habana (C) MASP, Sao Paulo (BR); \u201eOr\u00edgenes de la abstracci\u00f3n en la pintura sevillana (1953-1965)\u201c, Casa de la Provincia, Sevilla (E); \u201eConversaciones. Aena Colecci\u00f3n de Arte Contempor\u00e1neo\u201c, MEIAC, Badajoz (E); \u201eObra gr\u00e1fica 10 El Pa\u00eds\u201c, Galer\u00eda Marlborough, Madrid (E); \u201eCarlos Alcolea. Nadar, mirar, pintar\u201c, CajaSol, Sevilla (E)<br\/>2007 \u201eLos colores del Pop Art\u201c, Fundaci\u00f3n Caja Vital Kutxa, Vitoria (E); \u201eColecci\u00f3n Circa XX-Pilar Citoler\u201c, Fundaci\u00f3n Antonio P\u00e9rez, Cuenca (E); \u201eCuenca, otra mirada en Sevilla\u201c, Convento de Santa In\u00e9s, Sevilla (E); \u201eLuis Gordillo, Manolo Quejido\u201c, Museo de Bellas Artes, Caracas (YV); \u201eDialogos con el agua, Intermon\/Oxfam\u201c, Deutsche Bank, Madrid; Museo Agbar, Barcelona (E); \u201eGabinete de crisis\u201c, Galer\u00eda Fernando Latorre, Madrid (E)<br\/>2006 \u201eLa vida es un bosque de sem\u00e1foros en \u00e1mbar\u201c, El Castillo de Santa B\u00e1rbara, Alicante (E); \u201ePicasso to Plensa. A century of art from Spain.\u201cThe Albuquerque Museum, New Mexico; Salvador Dal\u00ed Museum, Florida (USA); \u201eArte Espa\u00f1ol del siglo XX en la Colecci\u00f3n BBVA\u201c, Palacio Marqu\u00e9s de Salamanca, Madrid (E); \u201eHomenaje a Chillida\u201c, Museo Guggenheim, Bilbao (E)<br\/>2005 \u201eEl Pop Espa\u00f1ol \u2013 Los a\u00f1os sesenta. El tiempo reencontrado\u201c, Museo Esteban Vicente, Segovia (E); \u201eVivir en Sevilla\u201c, Centro Andaluz de Arte Contempor\u00e1neo, Sevilla (E); \u201eAena. Colecci\u00f3n de Arte Contempor\u00e1neo\u201c, Palacio Episcopal, M\u00e1laga (E); \u201eEl arte del dibujo\/El dibujo en el arte\u201c, Fundaci\u00f3n BBK, Bilbao (E); \u201e(-3.200.000 + 2005) Tejidos \u00f3seos, arquitect\u00f3nicos, pict\u00f3ricos\u201c, Museo de Teruel (E); \u201eAcentos en la colecci\u00f3n de Caja Madrid. Pintura Espa\u00f1ola Contempor\u00e1nea\u201c, Sala de las Alhajas, Madrid (E); \u201eArte Solidario\u201c, Centro el \u00c1guila, Madrid (E); \u201ePapeles de una d\u00e9cada (1960-1970)\u201c, Ayuntamiento de las Palmas de Gran Canarias (E); \u201eKrankas\u201c, Galer\u00eda Cyprus Art, San Feliu de Boada, Gerona (E)<br\/>2004 \u201eArte termita contra elefante blanco. Comportamientos actuales del dibujo\u201c, ICO, Madrid (E); \u201eDe Pictura\u201c, C\u00edrculo de Bellas Artes, Madrid Fragmentos. Arte del XX al XXI, Colecci\u00f3n Pilar Citoler, Centro Cultural de la Villa, Madrid, Sala Amos Salvador, Logro\u00f1o (E); \u201eVariaciones en Espa\u00f1a, Fotograf\u00eda y arte 1900-1980\u201c, Marco, Vigo; Centro Cultural de la Villa, Madrid, CAAM, Las Palmas (E); \u201eSombras\u201c, Ayuntamiento de Tomares, Sevilla (E); \u201eEl arte habitado, Colecci\u00f3n El Monte\u201c, Sala Villac\u00eds, Sevilla (E); \u201eLabirinti e memoria\u201c, Casa Falconieri, Oristano (I); \u201eMalerei, Luis Gordillo, Walter Obholzer, Laura Owens, Mark Schlesinger\u201c, Galerie Rolf Hengesbach, Cologne (D)<br\/>2003 \u201e25 a\u00f1os de arte en Espa\u00f1a. Creaci\u00f3n en libertad\u201c, MuVIM y Atarazanas, Valencia (E); \u201eGranada de Fondo\u201c, Centro Jos\u00e9 Guerrero, Granada (E); \u201eMemoria de un recorrido\u201c, Colecci\u00f3n Caja de Burgos, C\u00edrculo de Bellas Artes, Madrid (E)<br\/>2002 \u201eAndaluc\u00eda y la Modernidad \u2013 Del Equipo 57 a la Generaci\u00f3n de los 70\u201c, Centro Andaluz de Arte Contempor\u00e1neo, Sevilla (E); Colecci\u00f3n de Arte Contempor\u00e1neo. Fundaci\u00f3n La Caixa, Caixa Forum, Barcelona (E); \u201eDe Picasso a Barcel\u00f3-Les Artistes Espagnols\u201c, Fondation Pierre Gianadda, Martigny (CH); \u201eLos excesos de la mente\u201c, Centro Andaluz de Arte Contempor\u00e1neo, Sevilla (E); \u201eTraslaciones, Espa\u00f1a-M\u00e9xico, pintura y escultura 1977-2002\u201c, C\u00edrculo de Bellas Artes de Madrid; \u201eRelevos: Gordillo \u2013 Verbis\u201c, MuVIM, Valencia (E)<br\/>2000 \u201eDialog Kunst im Pavillon\u201c, Pabell\u00f3n de Espa\u00f1a, Expo 2000, Hannover (D); \u201eLas claves de la Espa\u00f1a del siglo XX\u201c, Museo de las Ciencias, Valencia (E); \u201eSpanish Tapestry. Contemporany Art from Spain\u201c, Fine Arts Museum, Taipei (TW); \u201eDibujos germinales\u201c, Museo Nacional Centro de Arte Reina Sof\u00eda, Sprengel Museum, Hannover (D)<br\/>1999 \u201eSpanish Art at the End of the Century\u201c, Wurth Museum (D); \u201eCirca 1968\u201c, Museo Serralves, Oporto (P)<br\/>1998 \u201ePost Pop and the New Image in Spain\u201c, Sainsbury Centre for Visual Arts, Norwich (UK); \u201eFrom here to eternity\u201c, Max Protech Gallery, New York (US); \u201eLuis Gordillo \u2013 Thomas Nozkowski\u201c, Galer\u00eda Marta Cervera, Madrid (E)<br\/>1997 \u201eln-Form\u201c, Bravin Post Lee Gallery, New York (US)<br\/>1996 \u201eNuevas Abstracciones\u201c, Palacio de Vel\u00e1zquez, Madrid (E); Kunsthalle Bielefeld (D); MACBA, Barcelona (E)<br\/>1995 \u201eHace 30 a\u00f1os\u201c, Sala Koldo Mitxelena, San Sebasti\u00e1n (E); \u201eEse oscuro interior (Br\u00fcs, Gordillo y Zush)\u201c, Sala Parpall\u00f3, Valencia (E)             <\/p>\n\n<p class=\"has-small-font-size\" style=\"line-height:1.7\"><\/p>\n\n<p class=\"has-large-font-size\">Collections<\/p>\n\n<p class=\"has-small-font-size\" style=\"line-height:1.7\">Banco Exterior de Espa\u00f1a, Madrid, Banco Sabadell, Banco Santander, Madrid, Banco Zaragozano, Bankinter, Biblioteca Nacional, Madrid, BBVA, Caja de Ahorros del Mediterr\u00e1neo, Cajasol, Sevilla, Caja Madrid, Caja San Fernando, CaixaForum, Centro de Arte Contemporaneo, Malaga, Centro Andaluz de Arte Contempor\u00e1neo, Sevilla, Centro Atl\u00e1ntico de Arte Moderno, Las Palmas de Gran Canarias, CAB, Centro de Arte Caja de Burgos, Burgos, Colecci\u00f3n Amigos del Museo Nacional Centro de Arte Reina Sof\u00eda, Madrid, Colecci\u00f3n Argentaria, Madrid, Colecci\u00f3n Asociaci\u00f3n de Amigos del Arte Contempor\u00e1neo, Madrid, Colecci\u00f3n Central \u2013 Hispano, Madrid, Colecci\u00f3n de Arte Contempor\u00e1neo de la Diputaci\u00f3n de Granada, Colecci\u00f3n Gobierno de Cantabria, Colecci\u00f3n Helga de Alvear, Colecci\u00f3n Iberdrola, Colecci\u00f3n Patio Herreriano-Museo de Arte Contempor\u00e1neo, Valladolid, Colecci\u00f3n Pilar Citoler, Colecci\u00f3n Presidencia del Gobierno, Madrid, Collecci\u00f3 Testimoni de la Caixa, Barcelona, Congreso de los Diputados, Madrid, Colecci\u00f3n de Arte Contempor\u00e1neo del Patrimonio Nacional, Comunidad de Castilla la Mancha, Toledo, Folkwang Museum, Essen, Funda\u00e7ao Gulbenkian, Lisbon, Fundaci\u00f3n AENA, Fundaci\u00f3n Bot\u00ed, Diputaci\u00f3n Provincial de C\u00f3rdoba, Fundaci\u00f3n Coca Cola, Fundaci\u00f3n Juan March, Palma de Mallorca, Fundaci\u00f3n La Caixa, Barcelona, Fundaci\u00f3n Provincial de Cultura, Diputaci\u00f3n de C\u00e1diz, Fundaci\u00f3 Su\u00f1ol, Barcelona, Fundaci\u00f3n Pilar y Joan Mir\u00f3, Palma de Mallorca, Fundaci\u00f3n Unicaja, M\u00e1laga, ICO, Instituto de Cr\u00e9dito Oficial, Madrid, IVAM, Instituto Valenciano de Arte Moderno, Valencia, Junta de Andaluc\u00eda, Consejer\u00eda de Cultura, Sevilla, MIAC, Museo Internacional de Arte Contempor\u00e1neo, Arrecife, Lanzarote, Museo Casa de la Moneda, Madrid, Museo de Arte Abstracto, Cuenca, MACBA, Museo de Arte Contempor\u00e1neo de Barcelona, Museo de Bellas Artes de \u00c1lava, Vitoria, Museo de Bellas Artes, Bilbao, Museo Provincial de Ciudad Real, Museo de Torrelaguna, Madrid, Museo Nacional Centro de Arte Reina Sof\u00eda, Madrid, ARTIUM, Museo Vasco de Arte Contempor\u00e1neo, Vitoria<\/p>\n\n<p class=\"has-small-font-size\" style=\"line-height:1.7\"><\/p>\n\n<p class=\"has-small-font-size\" style=\"line-height:1.7\"><\/p>\n","protected":false},"excerpt":{"rendered":"<p>Luis Gordillo, one of the most important contemporary Spanish painters and recipient of the Vel\u00e1zquez Prize, is considered a Pop Art artist. Starting from abstracted samples, he reduces and dissects his pictorial elements, arriving at organic forms that suggest both the microscopic and the corporeal. Through a continuous, rhythmic process of construction and deconstruction, he [&hellip;]<\/p>\n","protected":false},"author":4,"featured_media":1994,"comment_status":"closed","ping_status":"open","sticky":false,"template":"","format":"standard","meta":{"footnotes":""},"categories":[22],"tags":[],"class_list":["post-3189","post","type-post","status-publish","format-standard","has-post-thumbnail","hentry","category-artists-en"],"_links":{"self":[{"href":"https:\/\/www.hengesbach-gallery.com\/en\/wp-json\/wp\/v2\/posts\/3189","targetHints":{"allow":["GET"]}}],"collection":[{"href":"https:\/\/www.hengesbach-gallery.com\/en\/wp-json\/wp\/v2\/posts"}],"about":[{"href":"https:\/\/www.hengesbach-gallery.com\/en\/wp-json\/wp\/v2\/types\/post"}],"author":[{"embeddable":true,"href":"https:\/\/www.hengesbach-gallery.com\/en\/wp-json\/wp\/v2\/users\/4"}],"replies":[{"embeddable":true,"href":"https:\/\/www.hengesbach-gallery.com\/en\/wp-json\/wp\/v2\/comments?post=3189"}],"version-history":[{"count":1,"href":"https:\/\/www.hengesbach-gallery.com\/en\/wp-json\/wp\/v2\/posts\/3189\/revisions"}],"predecessor-version":[{"id":3190,"href":"https:\/\/www.hengesbach-gallery.com\/en\/wp-json\/wp\/v2\/posts\/3189\/revisions\/3190"}],"wp:featuredmedia":[{"embeddable":true,"href":"https:\/\/www.hengesbach-gallery.com\/en\/wp-json\/wp\/v2\/media\/1994"}],"wp:attachment":[{"href":"https:\/\/www.hengesbach-gallery.com\/en\/wp-json\/wp\/v2\/media?parent=3189"}],"wp:term":[{"taxonomy":"category","embeddable":true,"href":"https:\/\/www.hengesbach-gallery.com\/en\/wp-json\/wp\/v2\/categories?post=3189"},{"taxonomy":"post_tag","embeddable":true,"href":"https:\/\/www.hengesbach-gallery.com\/en\/wp-json\/wp\/v2\/tags?post=3189"}],"curies":[{"name":"wp","href":"https:\/\/api.w.org\/{rel}","templated":true}]}}