{"id":3220,"date":"2024-10-11T08:44:24","date_gmt":"2024-10-11T08:44:24","guid":{"rendered":"https:\/\/www.hengesbach-gallery.com\/david-semper\/"},"modified":"2025-06-26T15:41:17","modified_gmt":"2025-06-26T15:41:17","slug":"david-semper","status":"publish","type":"post","link":"https:\/\/www.hengesbach-gallery.com\/en\/david-semper\/","title":{"rendered":"David Semper"},"content":{"rendered":"\n<div class=\"wp-block-cover alignfull is-light\"><span aria-hidden=\"true\" class=\"wp-block-cover__background has-background-dim-0 has-background-dim\" style=\"background-color:#bb1b10\"><\/span><img loading=\"lazy\" decoding=\"async\" width=\"705\" height=\"517\" class=\"wp-block-cover__image-background wp-image-895\" alt=\"\" src=\"http:\/\/www.hengesbach-gallery.com\/wp-content\/uploads\/2024\/10\/Se_Geister-1-e1606312766395-705x517-1.jpg\" data-object-fit=\"cover\" srcset=\"https:\/\/www.hengesbach-gallery.com\/wp-content\/uploads\/2024\/10\/Se_Geister-1-e1606312766395-705x517-1.jpg 705w, https:\/\/www.hengesbach-gallery.com\/wp-content\/uploads\/2024\/10\/Se_Geister-1-e1606312766395-705x517-1-300x220.jpg 300w\" sizes=\"auto, (max-width: 705px) 100vw, 705px\" \/><div class=\"wp-block-cover__inner-container has-global-padding is-layout-constrained wp-block-cover-is-layout-constrained\"><h2 class=\"has-text-align-center has-link-color wp-elements-d627c6ae2477c94e839ab0be3c38731a wp-block-post-title has-text-color has-base-2-color has-xx-large-font-size\">David Semper<\/h2>\n\n\n<p class=\"has-text-align-center has-base-2-color has-text-color has-link-color has-large-font-size wp-elements-b8705937456498c979c91836e2501da3\">Germany<\/p>\n<\/div><\/div>\n\n<div class=\"wp-block-columns is-layout-flex wp-container-core-columns-is-layout-b0bab6eb wp-block-columns-is-layout-flex\" style=\"margin-top:var(--wp--preset--spacing--40);margin-bottom:var(--wp--preset--spacing--40)\">\n<div class=\"wp-block-column is-layout-flow wp-block-column-is-layout-flow\">\n<p class=\"has-small-font-size\" style=\"line-height:1.7\">If something is enclosed within something else, it is connected to it. But how strong this connection is, and what it entails, can vary greatly. It depends significantly on whether the connection is between equal partners, whether it is productive for both, or whether it is perceived as a disadvantage, an injury, or a contamination.<br\/>What is enclosed may sit within the other like a key in a lock; it may even be imprisoned within it; it may merge with it, or it may simply be implied, like one meaning within another. Likewise, in human relationships, there are countless ways in which one person appears with another, how they complement, complete, or divert each other from their course.   <\/p>\n<\/div>\n<\/div>\n\n<p class=\"has-large-font-size\">Works<\/p>\n\n<figure class=\"wp-block-image size-full is-resized\"><img loading=\"lazy\" decoding=\"async\" width=\"900\" height=\"627\" src=\"http:\/\/www.hengesbach-gallery.com\/wp-content\/uploads\/2024\/10\/Semper_FOYER-1_2022.jpg\" alt=\"\" class=\"wp-image-897\" style=\"width:620px;height:auto\" srcset=\"https:\/\/www.hengesbach-gallery.com\/wp-content\/uploads\/2024\/10\/Semper_FOYER-1_2022.jpg 900w, https:\/\/www.hengesbach-gallery.com\/wp-content\/uploads\/2024\/10\/Semper_FOYER-1_2022-300x209.jpg 300w, https:\/\/www.hengesbach-gallery.com\/wp-content\/uploads\/2024\/10\/Semper_FOYER-1_2022-768x535.jpg 768w\" sizes=\"auto, (max-width: 900px) 100vw, 900px\" \/><figcaption class=\"wp-element-caption\"><br\/><em>FOYER #1<\/em>, 2022, alabaster (natural gypsum stone), surface flamed, 25 x 16 x 19 cm<\/figcaption><\/figure>\n\n<figure class=\"wp-block-image size-full is-resized\"><img loading=\"lazy\" decoding=\"async\" width=\"586\" height=\"900\" src=\"http:\/\/www.hengesbach-gallery.com\/wp-content\/uploads\/2024\/10\/Se_GEISTERAm-Kivitzbusch-1.jpg\" alt=\"\" class=\"wp-image-898\" style=\"width:620px;height:auto\" srcset=\"https:\/\/www.hengesbach-gallery.com\/wp-content\/uploads\/2024\/10\/Se_GEISTERAm-Kivitzbusch-1.jpg 586w, https:\/\/www.hengesbach-gallery.com\/wp-content\/uploads\/2024\/10\/Se_GEISTERAm-Kivitzbusch-1-195x300.jpg 195w\" sizes=\"auto, (max-width: 586px) 100vw, 586px\" \/><figcaption class=\"wp-element-caption\"><br\/><em>GEISTER (Am Kivitzbusch)<\/em>, 2022, Found particle board, graphite pigment, 96,7 x 29,5 cm<\/figcaption><\/figure>\n\n<figure class=\"wp-block-image size-full is-resized\"><img loading=\"lazy\" decoding=\"async\" width=\"660\" height=\"900\" src=\"http:\/\/www.hengesbach-gallery.com\/wp-content\/uploads\/2024\/10\/Se_BARROCO32016Kalkstein25x16x19cm.jpg_fin.jpg\" alt=\"\" class=\"wp-image-899\" style=\"width:620px;height:auto\" srcset=\"https:\/\/www.hengesbach-gallery.com\/wp-content\/uploads\/2024\/10\/Se_BARROCO32016Kalkstein25x16x19cm.jpg_fin.jpg 660w, https:\/\/www.hengesbach-gallery.com\/wp-content\/uploads\/2024\/10\/Se_BARROCO32016Kalkstein25x16x19cm.jpg_fin-220x300.jpg 220w\" sizes=\"auto, (max-width: 660px) 100vw, 660px\" \/><figcaption class=\"wp-element-caption\"><br\/><em>BARROCO #3<\/em>, 2017, Limestone, 12 x 11 x 8 cm<\/figcaption><\/figure>\n\n<figure class=\"wp-block-image size-full is-resized\"><img loading=\"lazy\" decoding=\"async\" width=\"900\" height=\"600\" src=\"http:\/\/www.hengesbach-gallery.com\/wp-content\/uploads\/2024\/10\/Semper_Nischen.jpg\" alt=\"\" class=\"wp-image-900\" style=\"width:620px;height:auto\" srcset=\"https:\/\/www.hengesbach-gallery.com\/wp-content\/uploads\/2024\/10\/Semper_Nischen.jpg 900w, https:\/\/www.hengesbach-gallery.com\/wp-content\/uploads\/2024\/10\/Semper_Nischen-300x200.jpg 300w, https:\/\/www.hengesbach-gallery.com\/wp-content\/uploads\/2024\/10\/Semper_Nischen-768x512.jpg 768w\" sizes=\"auto, (max-width: 900px) 100vw, 900px\" \/><figcaption class=\"wp-element-caption\"><br\/><em>NISCHEN<\/em>, 2020, Drawing paper (A4, A3), wall incisions<\/figcaption><\/figure>\n\n<figure class=\"wp-block-image size-full is-resized\"><img loading=\"lazy\" decoding=\"async\" width=\"600\" height=\"900\" src=\"http:\/\/www.hengesbach-gallery.com\/wp-content\/uploads\/2024\/10\/Se_Erosion7.jpg\" alt=\"\" class=\"wp-image-901\" style=\"width:620px;height:auto\" srcset=\"https:\/\/www.hengesbach-gallery.com\/wp-content\/uploads\/2024\/10\/Se_Erosion7.jpg 600w, https:\/\/www.hengesbach-gallery.com\/wp-content\/uploads\/2024\/10\/Se_Erosion7-200x300.jpg 200w\" sizes=\"auto, (max-width: 600px) 100vw, 600px\" \/><figcaption class=\"wp-element-caption\"><br\/><em>EROSION #7<\/em>, 2020, sanded plasterboard, 27,7 x 15 cm<\/figcaption><\/figure>\n\n<p class=\"has-large-font-size\">Biography<\/p>\n\n<p class=\"has-small-font-size\" style=\"line-height:1.7\">Born in 1980 in Wuppertal, lives and works in Neuss<br\/>2005\u20132007 State Academy of Fine Arts Stuttgart (Germany)<br\/>2007\u20132011 Academy of Fine Arts Karlsruhe (Germany), Prof. Leni Hoffmann<\/p>\n\n<p class=\"has-large-font-size\">Awards \/ Scholarships<\/p>\n\n<p class=\"has-small-font-size\" style=\"line-height:1.7\">2020 Herrenhaus Edenkoben<br\/>2019 Ida Gerhardi Prize<br\/>2017 Kunststiftung NRW<br\/>2016 Stiftung Kunstfonds, Kunststiftung Baden-W\u00fcrttemberg, K\u00fcnstlerhaus Schlo\u00df Balmoral<br\/>2014 Werner Stober Prize; 2013 Atelier Mondial<\/p>\n\n<p class=\"has-large-font-size\">Solo-Exhibitions<\/p>\n\n<p class=\"has-small-font-size\" style=\"line-height:1.7\">2020 \u201eEINSCHL\u00dcSSE\u201c, Hengesbach Gallery, Wuppertal (D)<br\/>2018 \u201eUN PUGNO\u201c, Cowboy Tempel, Essen (D)<br\/>2016 \u201eI\u201c, Kunststiftung Baden-W\u00fcrttemberg, Stuttgart (D)<br\/>2015 \u201eGIORNATA\u201c Werner Stober Prize, St\u00e4dtische Galerie Karlsruhe (D)<br\/>2014 \u201cPATTA\u201c, kunstgaleriebonn, Bonn (D) (today: Galerie Gisela Clement); \u201eTRACK\u201c, adhoc Raum, Bochum (D); \u201eSIX MEMOS FOR THE NEXT\u2026VOL. 9 IN ALLER OFFENHEIT\u201c , Kunstverein Bregenz\/Magazin4 (AUT);<\/p>\n\n<p class=\"has-large-font-size\">Group-Exhibitions<\/p>\n\n<p class=\"has-small-font-size\" style=\"line-height:1.7\">2019 \u201eINNENARCHITEKTUREN\u201c, (with Rosa R\u00fccker), G\u00e4stezimmer e. V., Stuttgart (D); \u201eC 1 RECORDS\u201c, Kunsthalle G\u00f6ppingen (D); \u201eHNO\u201c, Mischpoke e.V., M\u00f6nchengladbach (D); \u201eINTERNATIONALE BERGISCHE KUNSTAUSSTELLUNG\u201c, Kunstmuseum Solingen (D); \u201eREDEFINE RELIEF II\u201c, (with Lawrence Power and Stefan Vogel), Kunstverein f\u00fcr Mecklenburg und Vorpommern in Schwerin (D); \u201eSKULPTURLABOR\u201c, St\u00e4dtische Galerie Viersen (D); \u201eIDA GERHARDI PREIS AUSSTELLUNG\u201c, St\u00e4dtische Galerie L\u00fcdenscheid (D); \u201eMALEREI &amp; ZEICHNUNG (with Andreas Keil)\u201c, Verein f\u00fcr aktuelle Kunst \/ Ruhrgebiet e.V., Oberhausen (D); \u201eREPRINT \u2013 WANDEL DURCH REPRODUKTION\u201c, Gesellschaft f\u00fcr zeitgen\u00f6ssiche Kunst, Osnabr\u00fcck (D); \u201eOLBRICHT SEMPER DANNENBERG\u201c, Galerie Artgenossen, Bremerhaven (D)<br\/>2018 \u201eSIEBENER \u2013 HAUS PFEFFERMANN PROJECT\u201c (Cooperation with Kriz Olbricht), Nordheim v. d. Rh\u00f6n; \u201eKALEIDOSKOP\u201c, Gro\u00dfe Kunstschau, Worpswede (D)<br\/>2017 \u201eIM LABOR DER MALEREI\u201c, Galerie Gisela Clement, Bonn (D); \u201eM\u00d6NCH\u00d6NCH\u00d6NM\u00d6NCH\u00d6NM\u00d6NCH\u00d6NCH\u00d6NCH\u00d6NM\u00d6N\u201c, (with Andreas Karl Schulze), MMIII Kunstverein M\u00f6nchengladbach (D); \u201eWAS SICH ABZEICHNET\u201c, Arp Museum, Rolandseck \/ Forum Alte Post, Pirmasens (D); \u201eTRUNK\u201c, Kunstverein L\u00fcneburg (D); \u201ePFLANZLICHE TRANSFORMATION\u201c, Kunstverein Krefeld (D); \u201eBAU-SINN-LICH\u201c, Kunstraum Federkiel, M\u00fcnchen (D); \u201eSTAND DER DINGE\u201c, K\u00fcnstlerbund Baden-W\u00fcrttemberg, St\u00e4dtische Galerie Bietigheim-Bissingen (D); \u201eICH H\u00d6R DIE FL\u00dcGEL EINER SCHLEIEREULE, DIE NIE GEH\u00d6RTEN, UND FIND IN STERNELOSER NACHT SO MEINEN WEG\u201c, Kunstraum Federkiel, M\u00fcnchen (D)<br\/>2016 \u201eMODI DES MINIMIERENS I + II\u201c, Galerie Gisela Clement, Bonn (D); \u201e5 x 3\u201c, Kunstraum D\u00fcsseldorf (D); \u201eK\u00d6SK (with Kriz Olbricht)\u201c, Kunstraum K 634, K\u00f6ln (D); \u201eMADE IN BALMORAL\u201c, MIB, Bad Ems (D)<\/p>\n\n<p class=\"has-small-font-size\" style=\"line-height:1.7\"><\/p>\n\n<p class=\"has-small-font-size\" style=\"line-height:1.7\"><\/p>\n\n<p class=\"has-small-font-size\" style=\"line-height:1.7\"><\/p>\n\n<p class=\"has-small-font-size\" style=\"line-height:1.7\"><\/p>\n\n<p class=\"has-small-font-size\" style=\"line-height:1.7\"><\/p>\n","protected":false},"excerpt":{"rendered":"<p>If something is enclosed within something else, it is connected to it. But how strong this connection is, and what it entails, can vary greatly. It depends significantly on whether the connection is between equal partners, whether it is productive for both, or whether it is perceived as a disadvantage, an injury, or a contamination.What [&hellip;]<\/p>\n","protected":false},"author":4,"featured_media":2240,"comment_status":"closed","ping_status":"open","sticky":false,"template":"","format":"standard","meta":{"footnotes":""},"categories":[22],"tags":[],"class_list":["post-3220","post","type-post","status-publish","format-standard","has-post-thumbnail","hentry","category-artists-en"],"_links":{"self":[{"href":"https:\/\/www.hengesbach-gallery.com\/en\/wp-json\/wp\/v2\/posts\/3220","targetHints":{"allow":["GET"]}}],"collection":[{"href":"https:\/\/www.hengesbach-gallery.com\/en\/wp-json\/wp\/v2\/posts"}],"about":[{"href":"https:\/\/www.hengesbach-gallery.com\/en\/wp-json\/wp\/v2\/types\/post"}],"author":[{"embeddable":true,"href":"https:\/\/www.hengesbach-gallery.com\/en\/wp-json\/wp\/v2\/users\/4"}],"replies":[{"embeddable":true,"href":"https:\/\/www.hengesbach-gallery.com\/en\/wp-json\/wp\/v2\/comments?post=3220"}],"version-history":[{"count":1,"href":"https:\/\/www.hengesbach-gallery.com\/en\/wp-json\/wp\/v2\/posts\/3220\/revisions"}],"predecessor-version":[{"id":3221,"href":"https:\/\/www.hengesbach-gallery.com\/en\/wp-json\/wp\/v2\/posts\/3220\/revisions\/3221"}],"wp:featuredmedia":[{"embeddable":true,"href":"https:\/\/www.hengesbach-gallery.com\/en\/wp-json\/wp\/v2\/media\/2240"}],"wp:attachment":[{"href":"https:\/\/www.hengesbach-gallery.com\/en\/wp-json\/wp\/v2\/media?parent=3220"}],"wp:term":[{"taxonomy":"category","embeddable":true,"href":"https:\/\/www.hengesbach-gallery.com\/en\/wp-json\/wp\/v2\/categories?post=3220"},{"taxonomy":"post_tag","embeddable":true,"href":"https:\/\/www.hengesbach-gallery.com\/en\/wp-json\/wp\/v2\/tags?post=3220"}],"curies":[{"name":"wp","href":"https:\/\/api.w.org\/{rel}","templated":true}]}}