{"id":3228,"date":"2024-10-12T14:31:40","date_gmt":"2024-10-12T14:31:40","guid":{"rendered":"https:\/\/www.hengesbach-gallery.com\/ulrich-wellmann\/"},"modified":"2025-06-27T10:00:32","modified_gmt":"2025-06-27T10:00:32","slug":"ulrich-wellmann","status":"publish","type":"post","link":"https:\/\/www.hengesbach-gallery.com\/en\/ulrich-wellmann\/","title":{"rendered":"Ulrich Wellmann"},"content":{"rendered":"\n<div class=\"wp-block-cover alignfull is-light\"><span aria-hidden=\"true\" class=\"wp-block-cover__background has-background-dim-0 has-background-dim\" style=\"background-color:#bb1b10\"><\/span><img loading=\"lazy\" decoding=\"async\" width=\"1500\" height=\"1131\" class=\"wp-block-cover__image-background wp-image-1188\" alt=\"\" src=\"http:\/\/www.hengesbach-gallery.com\/wp-content\/uploads\/2024\/10\/Wel_Das-Lachen-der-Malerei_2020_120x160cm.jpg\" data-object-fit=\"cover\" srcset=\"https:\/\/www.hengesbach-gallery.com\/wp-content\/uploads\/2024\/10\/Wel_Das-Lachen-der-Malerei_2020_120x160cm.jpg 1500w, https:\/\/www.hengesbach-gallery.com\/wp-content\/uploads\/2024\/10\/Wel_Das-Lachen-der-Malerei_2020_120x160cm-300x226.jpg 300w, https:\/\/www.hengesbach-gallery.com\/wp-content\/uploads\/2024\/10\/Wel_Das-Lachen-der-Malerei_2020_120x160cm-1024x772.jpg 1024w, https:\/\/www.hengesbach-gallery.com\/wp-content\/uploads\/2024\/10\/Wel_Das-Lachen-der-Malerei_2020_120x160cm-768x579.jpg 768w\" sizes=\"auto, (max-width: 1500px) 100vw, 1500px\" \/><div class=\"wp-block-cover__inner-container has-global-padding is-layout-constrained wp-block-cover-is-layout-constrained\"><h2 class=\"has-text-align-center has-link-color wp-elements-d627c6ae2477c94e839ab0be3c38731a wp-block-post-title has-text-color has-base-2-color has-xx-large-font-size\">Ulrich Wellmann<\/h2>\n\n\n<p class=\"has-text-align-center has-base-2-color has-text-color has-link-color has-large-font-size wp-elements-b8705937456498c979c91836e2501da3\">Germany<\/p>\n<\/div><\/div>\n\n<div class=\"wp-block-columns is-layout-flex wp-container-core-columns-is-layout-b0bab6eb wp-block-columns-is-layout-flex\" style=\"margin-top:var(--wp--preset--spacing--40);margin-bottom:var(--wp--preset--spacing--40)\">\n<div class=\"wp-block-column is-layout-flow wp-block-column-is-layout-flow\">\n<p class=\"has-small-font-size\" style=\"line-height:1.7\">One might imagine three or four quite different individuals encountering one another and beginning to converse, and a colorful dialogue gradually unfolding. The first speaker would lay the groundwork with their remarks, the others would build upon this foundation, responding to previous thoughts and perhaps even surprising themselves with the ideas they are drawn to articulate. If one were then to recall the conversation from memory, the various thoughts would blur together, no longer clearly attributable to any one speaker, as the original ideas would have been altered in tone and meaning by the responses that followed. Even the participants themselves might be surprised by the twists and turns their thinking had taken.   <\/p>\n<\/div>\n<\/div>\n\n<p class=\"has-large-font-size\">Works<\/p>\n\n<figure class=\"wp-block-image size-full is-resized\"><img loading=\"lazy\" decoding=\"async\" width=\"900\" height=\"653\" src=\"http:\/\/www.hengesbach-gallery.com\/wp-content\/uploads\/2024\/10\/Wel_Das-Lachen-der-Malerei_2020_110x150cm.jpg\" alt=\"\" class=\"wp-image-1189\" style=\"width:620px;height:auto\" srcset=\"https:\/\/www.hengesbach-gallery.com\/wp-content\/uploads\/2024\/10\/Wel_Das-Lachen-der-Malerei_2020_110x150cm.jpg 900w, https:\/\/www.hengesbach-gallery.com\/wp-content\/uploads\/2024\/10\/Wel_Das-Lachen-der-Malerei_2020_110x150cm-300x218.jpg 300w, https:\/\/www.hengesbach-gallery.com\/wp-content\/uploads\/2024\/10\/Wel_Das-Lachen-der-Malerei_2020_110x150cm-768x557.jpg 768w\" sizes=\"auto, (max-width: 900px) 100vw, 900px\" \/><figcaption class=\"wp-element-caption\"><br\/><em>Das Lachen der Malerei<\/em>, 2020, oil on canvas, 110 x 150 cm<\/figcaption><\/figure>\n\n<figure class=\"wp-block-image size-full is-resized\"><img loading=\"lazy\" decoding=\"async\" width=\"900\" height=\"597\" src=\"http:\/\/www.hengesbach-gallery.com\/wp-content\/uploads\/2024\/10\/Wellmann3.png\" alt=\"\" class=\"wp-image-1190\" style=\"width:620px;height:auto\" srcset=\"https:\/\/www.hengesbach-gallery.com\/wp-content\/uploads\/2024\/10\/Wellmann3.png 900w, https:\/\/www.hengesbach-gallery.com\/wp-content\/uploads\/2024\/10\/Wellmann3-300x199.png 300w, https:\/\/www.hengesbach-gallery.com\/wp-content\/uploads\/2024\/10\/Wellmann3-768x509.png 768w\" sizes=\"auto, (max-width: 900px) 100vw, 900px\" \/><figcaption class=\"wp-element-caption\"><br\/><em>Untitled<\/em>, 2019, oil on canvas, 60 x 89 cm<\/figcaption><\/figure>\n\n<figure class=\"wp-block-image size-full is-resized\"><img loading=\"lazy\" decoding=\"async\" width=\"728\" height=\"900\" src=\"http:\/\/www.hengesbach-gallery.com\/wp-content\/uploads\/2024\/10\/wellmann1.png\" alt=\"\" class=\"wp-image-1191\" style=\"width:620px;height:auto\" srcset=\"https:\/\/www.hengesbach-gallery.com\/wp-content\/uploads\/2024\/10\/wellmann1.png 728w, https:\/\/www.hengesbach-gallery.com\/wp-content\/uploads\/2024\/10\/wellmann1-243x300.png 243w\" sizes=\"auto, (max-width: 728px) 100vw, 728px\" \/><figcaption class=\"wp-element-caption\"><br\/><em>Untitled<\/em>, 2019, oil on canvas, 110 x 90 cm<\/figcaption><\/figure>\n\n<figure class=\"wp-block-image size-full is-resized\"><img loading=\"lazy\" decoding=\"async\" width=\"900\" height=\"679\" src=\"http:\/\/www.hengesbach-gallery.com\/wp-content\/uploads\/2024\/10\/Wel_Das-Lachen-der-Malerei_2020_120x160cm2.jpg\" alt=\"\" class=\"wp-image-1193\" style=\"width:620px;height:auto\" srcset=\"https:\/\/www.hengesbach-gallery.com\/wp-content\/uploads\/2024\/10\/Wel_Das-Lachen-der-Malerei_2020_120x160cm2.jpg 900w, https:\/\/www.hengesbach-gallery.com\/wp-content\/uploads\/2024\/10\/Wel_Das-Lachen-der-Malerei_2020_120x160cm2-300x226.jpg 300w, https:\/\/www.hengesbach-gallery.com\/wp-content\/uploads\/2024\/10\/Wel_Das-Lachen-der-Malerei_2020_120x160cm2-768x579.jpg 768w\" sizes=\"auto, (max-width: 900px) 100vw, 900px\" \/><figcaption class=\"wp-element-caption\"><br\/>Das Lachen der Malerei, 2020, oil on canvas, 120 x 160 cm<\/figcaption><\/figure>\n\n<figure class=\"wp-block-image size-full is-resized\"><img loading=\"lazy\" decoding=\"async\" width=\"763\" height=\"900\" src=\"http:\/\/www.hengesbach-gallery.com\/wp-content\/uploads\/2024\/10\/Wel_OhneTitel_2019_-OelLwd_92x78cm-.jpg\" alt=\"\" class=\"wp-image-1194\" style=\"width:620px;height:auto\" srcset=\"https:\/\/www.hengesbach-gallery.com\/wp-content\/uploads\/2024\/10\/Wel_OhneTitel_2019_-OelLwd_92x78cm-.jpg 763w, https:\/\/www.hengesbach-gallery.com\/wp-content\/uploads\/2024\/10\/Wel_OhneTitel_2019_-OelLwd_92x78cm--254x300.jpg 254w\" sizes=\"auto, (max-width: 763px) 100vw, 763px\" \/><figcaption class=\"wp-element-caption\"><br\/><em>Untitled<\/em>, 2019, oil on canvas, 92 x 78 cm<\/figcaption><\/figure>\n\n<figure class=\"wp-block-image size-full is-resized\"><img loading=\"lazy\" decoding=\"async\" width=\"747\" height=\"900\" src=\"http:\/\/www.hengesbach-gallery.com\/wp-content\/uploads\/2024\/10\/Wellmann2-1.png\" alt=\"\" class=\"wp-image-1195\" style=\"width:620px;height:auto\" srcset=\"https:\/\/www.hengesbach-gallery.com\/wp-content\/uploads\/2024\/10\/Wellmann2-1.png 747w, https:\/\/www.hengesbach-gallery.com\/wp-content\/uploads\/2024\/10\/Wellmann2-1-249x300.png 249w\" sizes=\"auto, (max-width: 747px) 100vw, 747px\" \/><figcaption class=\"wp-element-caption\"><br\/><em>Untitled<\/em>, 2020, oil on canvas, 98 x 78 cm<\/figcaption><\/figure>\n\n<figure class=\"wp-block-image size-full is-resized\"><img loading=\"lazy\" decoding=\"async\" width=\"900\" height=\"671\" src=\"http:\/\/www.hengesbach-gallery.com\/wp-content\/uploads\/2024\/10\/Wellmann12.png\" alt=\"\" class=\"wp-image-1196\" style=\"width:620px;height:auto\" srcset=\"https:\/\/www.hengesbach-gallery.com\/wp-content\/uploads\/2024\/10\/Wellmann12.png 900w, https:\/\/www.hengesbach-gallery.com\/wp-content\/uploads\/2024\/10\/Wellmann12-300x224.png 300w, https:\/\/www.hengesbach-gallery.com\/wp-content\/uploads\/2024\/10\/Wellmann12-768x573.png 768w\" sizes=\"auto, (max-width: 900px) 100vw, 900px\" \/><figcaption class=\"wp-element-caption\"><br\/><em>Das Lachen der Malerei<\/em>, 2020, watercolor on paper, 57,2 x 76,2 cm<\/figcaption><\/figure>\n\n<figure class=\"wp-block-image size-full is-resized\"><img loading=\"lazy\" decoding=\"async\" width=\"676\" height=\"900\" src=\"http:\/\/www.hengesbach-gallery.com\/wp-content\/uploads\/2024\/10\/Wellmann5.png\" alt=\"\" class=\"wp-image-1200\" style=\"width:620px;height:auto\" srcset=\"https:\/\/www.hengesbach-gallery.com\/wp-content\/uploads\/2024\/10\/Wellmann5.png 676w, https:\/\/www.hengesbach-gallery.com\/wp-content\/uploads\/2024\/10\/Wellmann5-225x300.png 225w\" sizes=\"auto, (max-width: 676px) 100vw, 676px\" \/><figcaption class=\"wp-element-caption\"><br\/>Das Lachen der Malerei, 2020, watercolor on paper, 76,2 x 57,2 cm<\/figcaption><\/figure>\n\n<figure class=\"wp-block-image size-full is-resized\"><img loading=\"lazy\" decoding=\"async\" width=\"900\" height=\"666\" src=\"http:\/\/www.hengesbach-gallery.com\/wp-content\/uploads\/2024\/10\/Wellmann13.png\" alt=\"\" class=\"wp-image-1198\" style=\"width:620px;height:auto\" srcset=\"https:\/\/www.hengesbach-gallery.com\/wp-content\/uploads\/2024\/10\/Wellmann13.png 900w, https:\/\/www.hengesbach-gallery.com\/wp-content\/uploads\/2024\/10\/Wellmann13-300x222.png 300w, https:\/\/www.hengesbach-gallery.com\/wp-content\/uploads\/2024\/10\/Wellmann13-768x568.png 768w\" sizes=\"auto, (max-width: 900px) 100vw, 900px\" \/><figcaption class=\"wp-element-caption\"><br\/><em>Das Lachen der Malerei<\/em>, 2020, watercolour on paper, 57,2 x 76,2 cm<section class=\"av_textblock_section av-fwl1bm-43ff09b57ef15f729f6c1813ddebff23 \" itemscope=\"itemscope\" itemtype=\"https:\/\/schema.org\/CreativeWork\"><div class=\"avia_textblock\" itemprop=\"text\"><br\/><\/div><\/section><\/figcaption><\/figure>\n\n<figure class=\"wp-block-image size-full is-resized\"><img loading=\"lazy\" decoding=\"async\" width=\"900\" height=\"674\" src=\"http:\/\/www.hengesbach-gallery.com\/wp-content\/uploads\/2024\/10\/Wellmann11-1.png\" alt=\"\" class=\"wp-image-1199\" style=\"width:620px;height:auto\" srcset=\"https:\/\/www.hengesbach-gallery.com\/wp-content\/uploads\/2024\/10\/Wellmann11-1.png 900w, https:\/\/www.hengesbach-gallery.com\/wp-content\/uploads\/2024\/10\/Wellmann11-1-300x225.png 300w, https:\/\/www.hengesbach-gallery.com\/wp-content\/uploads\/2024\/10\/Wellmann11-1-768x575.png 768w\" sizes=\"auto, (max-width: 900px) 100vw, 900px\" \/><figcaption class=\"wp-element-caption\"><br\/><em>Das Lachen der Malerei<\/em>, 2020, watercolor on paper, 57,2 x 76,2 cm<\/figcaption><\/figure>\n\n<p class=\"has-large-font-size\">Biography<\/p>\n\n<p class=\"has-small-font-size\" style=\"line-height:1.7\">Born in 1952 in Herford, lives and works in Cologne (Germany)<br\/>1975\u20131980 University of Applied Sciences for Art and Design, Cologne (Germany), studied under Prof. Stefan Wewerka<\/p>\n\n<p class=\"has-large-font-size\">Solo-Exhibitions<\/p>\n\n<p class=\"has-small-font-size\" style=\"line-height:1.7\">2019 \u201eweiter malen\u201c, Hengesbach Gallery, Wuppertal (D)<br\/>2018 \u201eDans l\u2019imm\u00e9diat\u201c, L\u2019H du Si\u00e8ge, Valenciennes<br\/>2017 \u201eEyes wide open\u201c, Gallerie B\u00e9a-Ba, Marseille (F)<br\/>2015 \u201eCorrespondances\u201c, B\u00e9a-Ba art contemporain, Marseille (F); \u201eNeun Aquarelle\u201c, Hengesbach Gallery, Wuppertal (D)<br\/>2014 \u201eWatercolours\u201c, RAUMX London (UK)<br\/>2012 \u201eBlicke und Bl\u00e4tter\u201c, Field Institute Hombroich, Neuss (D)<br\/>2007 \u201e9. Okt. 1977 Farbinterviews (interviews\/paintings)\u201c, Fruchthalle Kaiserslautern (D) * Howard Yezerski Gallery, Boston (US)<br\/>2006 \u201eFarbinterviews\u201c, Gladbacher Strasse, Cologne (D)<br\/>\u201eMalerei\u201c, Museum Katharinenhof, Kranenburg (D)<br\/>2005 \u201eOne to One\u201c, with Annebarbe Kau, Wilmer, Cutler, Pickering, Hale and Dorr, Berlin (D)<br\/>\u201eEtwas Gr\u00fcn\u201c, Kunstverein M\u00f6nchengladbach (Leporello), M\u00f6nchengladbach (D)<br\/>2002 Galerie Eva Mack, Stuttgart (D)<br\/>\u201eUlrich Wellmann \u2013 vier Bilder\u201c, HerderRaumF\u00fcrKunst, Cologne (D)<br\/>2001 Stark Gallery, New York (US)<br\/>2000 James Harris Gallery, Seattle (US)<br\/>1999 Eberhard L\u00fcdke Galerie, Cologne (D)<br\/>Patricia Sweetow Gallery, San Franzisco (US)<br\/>1998 Forum Bildender K\u00fcnstler, Essen (D)<br\/>1997 Kunsthalle Karlsruhe, Portikus (D)<br\/>Galerie Katrin Rabus, Bremen (D)<br\/>Galerie Sch\u00fctz, Frankfurt\/M. (D)<br\/>1996 \u201e\u00dcber die Farbe\u201c, Di\u00f6zesanmuseum K\u00f6ln (D) * <\/p>\n\n<p class=\"has-small-font-size\" style=\"line-height:1.7\">* Katalog<\/p>\n\n<p class=\"has-large-font-size\">Group-Exhibitions<\/p>\n\n<p class=\"has-small-font-size\" style=\"line-height:1.7\">2019 Papier \u2013 Farbe \u2013 Malerei, Verein f\u00fcr aktuelle Kunst Oberhausen (D)<br\/>2018 K\u00f6ln Plus Farbmalereipositionen, Verein f\u00fcr aktuelle Kunst Oberhausen (D)<br\/>2017 Colorscape, Kunsthaus Troisdorf, Troisdorf (D) *; Hydrophil, Galerie Schmidt und Sch\u00fctte, K\u00f6ln (D)<br\/>2016 Editionen, HerderRaumF\u00fcrKunst, K\u00f6ln (D); Westfarbe, Paint vs. Colour, Prozessualit\u00e4t und Erscheinung Internationale Positionen zur Malerei, Raum 2810, Bonn (D)<br\/>2014 \u201eColor Abstr(Act)\u201c, B\u00e9a-Ba Art Contemporain, Marseille (F)<br\/>\u201eStill\u201c, RLBKunstbr\u00fccke, Innsbruck (A)<br\/>\u201eSWAP Michael Bause, Seraphina Lenz, Ulrich Wellmann\u201c, Gr\u00f6lle Pass Projects, Wuppertal (D)<br\/>2013 Neuzug\u00e4nge V, Farben \u2013 Colours, Sammlung Schroth, Soest (D) *<br\/>Austragungsort ll 1998 \u2013 2012, Verein f\u00fcr aktuelle Kunst Ruhrgebiet, Oberhausen (D)*<br\/>\u201eMerkw\u00fcrdiges und Seltsames und Absonderliches und sogar Monstr\u00f6ses\u201c, Showroom Schmitt, Karlsruhe (D)<br\/>\u201eFeuchte H\u00e4nde\u201c, Thomas Rehbein Galerie, Cologne (D)<br\/>2012 \u201eMaterial Abstraction\u201c, Howard Yezerski Gallery, Boston (US)<br\/>2011 \u201eWasser\/Farbe Colour\/Water\u201c, St\u00e4dtische Galerie Villa Zanders, Bergisch Gladbach (D)<br\/>2010 \u201eWasser\/Farbe Colour\/Water\u201c, Museum Liner Appenzell (CH) *<br\/>\u201ePainting\u201c, Howard Yezerski Gallery, Boston (US)<br\/>2009 \u201eSammlung XXL\u201c, Alexander B\u00fcrkle Stiftung, Freiburg i. Br. (D) <br\/>\u201eRelouded\u201c, Kunstmuseum Bonn (D)<br\/>2008 \u201eAlfonso Fratteggiani Bianchi, Thomas Kemper, Ulrich Wellmann,\u201c Verein f\u00fcr aktuelle Kunst Ruhrgebiet, Oberhausen (D)<br\/>2007 \u201epublik!, Farbinterview-Gem\u00e4lde Herbert Schlensog, 1978\u201c, Schloss Waldthausen, Budenheim\/Mainz<br\/>\u201e40 : 40, 10 Jahre HerderRaumF\u00fcrKunst\u201c, Cologne (D)<br\/>2005 \u201eZeichen des Glaubens, Zeitgen\u00f6ssische Kunst und Spiritualit\u00e4t\/Contemporary Art and Spirituality\u201c, Kunstmuseum Bonn (D) *<br\/>2004 A Painting\u201c, Fruchthalle Kaiserslautern (D) *<br\/>\u201eKunst\/Fr\u00fchling\/Kirche\u201c, Kunstmuseum Bonn (D)<br\/>\u201eNeuerwerbungen zeitgen\u00f6ssischer Kunst 1995 \u2013 2004\u201c, Staatliche Kunsthalle Karlsruhe (D) *<br\/>\u201eSpecific Light\u201c, Eugene Binder Gallery, Marfa, Texas (US)<br\/>\u201eA \u2013 Z Editionen\u201c, Galerie Gis\u00e8le Linder, Basel (CH)<br\/>2003 \u201eEntdecken F\u00f6rdern Handeln\u201c, W\u00fcrttembergischer Kunstverein Stuttgart (D)<br\/>\u201eA Painting \u2013 Stephan Baumk\u00f6tter, Tom Benson, Andreas Karl Schulze, Ulrich Wellmann\u201c, Galerie N. von Bartha, London (UK)<br\/>2002 \u201eNeuerwerbungen 1992 \u2013 2002\u201c, Kunstmuseum Bonn (D)<br\/>\u201eRudolf de Crignis, Maria Elena Gonzales, Ulrich Wellmann\u201c, Galerie Gis\u00e8le Linder, Basel (CH)<br\/>2001 \u201ethe very last\u201c, Galerie Gabriele Rivet, Cologne (D)<br\/>2000 \u201eDie Farbe hat mich,\u201c Verein f\u00fcr aktuelle Kunst, Oberhausen (D) *<br\/>\u201eGrau ist nicht grau\u201c, Galerie Gis\u00e8le Linder, Basel (CH)<br\/>\u201eMinimalism Then and Now\u201c (Carl Andre, Dan Flavin, Donald Judd, Joseph Marioni, Barnett Newman, Ad Reinhard, Peter Tollens, James Turell, Ulrich Wellmann), Berkeley Art Museum, Berkeley, California (US)<br\/>1999 \u201eColor-Based Painting, The Root of the Actual\u201c, Jan Maiden Fine Art, Columbus, Ohio (US)<br\/>\u201eColor-Based Painting\u201c, Patricia Sweetow Gallery, San Franzisco (US)<br\/>\u201eCarte Blanche\u201c, Galerie Jean Fournier, Paris (F)<br\/>1998 \u201eColor-Based Paintings\u201c, Howard Yezerski Gallery, Boston (US)<br\/>1997 \u201eRudolf de Crignis, Phil Sims, Ulrich Wellmann\u201c, Galerie Gis\u00e8le Linder, Basel<br\/>\u201ePintura Alemana del Siglio XX \/ Malerei in Deutschland im 20. Jh.\u201c, Sala de las Alhajas, Madrid (E) *<br\/>1996 \u201eMark Rothko, Adrian Schiess, Phil Sims, G\u00fcnter Umberg, Ulrich Wellmann\u201c, Galleria Nazionale dell\u2019Umbria, Perugia (D) *<br\/>\u201en\u2019oublions pas le blanc\u201c, Galerie Gis\u00e8le Linder, Basel (CH)<br\/>\u201eFarbe \u2013 Malerei der neunziger Jahre\u201c, Kunstmuseum Bonn (D) *<\/p>\n\n<p class=\"has-small-font-size\" style=\"line-height:1.7\">* Katalog<\/p>\n\n<p class=\"has-large-font-size\">Collections<\/p>\n\n<p class=\"has-small-font-size\" style=\"line-height:1.7\">Bundesrepublik Deutschland, Museum f\u00fcr Konkrete Kunst, Ingolstadt, St\u00e4dtische Sammlung, K\u00f6ln, St\u00e4dtisches Museum Wolfsburg, Kunstmuseum Bonn, Kunsthalle Karlsruhe, Bremer Landesbank, Dresdner Bank, Sammlung Mondstudio, Bad Homburg, Alexander B\u00fcrkle Stiftung, Freiburg, Pinakothek der Moderne, M\u00fcnchen<\/p>\n\n<p class=\"has-small-font-size\" style=\"line-height:1.7\"><\/p>\n\n<p><\/p>\n","protected":false},"excerpt":{"rendered":"<p>One might imagine three or four quite different individuals encountering one another and beginning to converse, and a colorful dialogue gradually unfolding. The first speaker would lay the groundwork with their remarks, the others would build upon this foundation, responding to previous thoughts and perhaps even surprising themselves with the ideas they are drawn to [&hellip;]<\/p>\n","protected":false},"author":4,"featured_media":2480,"comment_status":"closed","ping_status":"open","sticky":false,"template":"","format":"standard","meta":{"footnotes":""},"categories":[22],"tags":[],"class_list":["post-3228","post","type-post","status-publish","format-standard","has-post-thumbnail","hentry","category-artists-en"],"_links":{"self":[{"href":"https:\/\/www.hengesbach-gallery.com\/en\/wp-json\/wp\/v2\/posts\/3228","targetHints":{"allow":["GET"]}}],"collection":[{"href":"https:\/\/www.hengesbach-gallery.com\/en\/wp-json\/wp\/v2\/posts"}],"about":[{"href":"https:\/\/www.hengesbach-gallery.com\/en\/wp-json\/wp\/v2\/types\/post"}],"author":[{"embeddable":true,"href":"https:\/\/www.hengesbach-gallery.com\/en\/wp-json\/wp\/v2\/users\/4"}],"replies":[{"embeddable":true,"href":"https:\/\/www.hengesbach-gallery.com\/en\/wp-json\/wp\/v2\/comments?post=3228"}],"version-history":[{"count":1,"href":"https:\/\/www.hengesbach-gallery.com\/en\/wp-json\/wp\/v2\/posts\/3228\/revisions"}],"predecessor-version":[{"id":3229,"href":"https:\/\/www.hengesbach-gallery.com\/en\/wp-json\/wp\/v2\/posts\/3228\/revisions\/3229"}],"wp:featuredmedia":[{"embeddable":true,"href":"https:\/\/www.hengesbach-gallery.com\/en\/wp-json\/wp\/v2\/media\/2480"}],"wp:attachment":[{"href":"https:\/\/www.hengesbach-gallery.com\/en\/wp-json\/wp\/v2\/media?parent=3228"}],"wp:term":[{"taxonomy":"category","embeddable":true,"href":"https:\/\/www.hengesbach-gallery.com\/en\/wp-json\/wp\/v2\/categories?post=3228"},{"taxonomy":"post_tag","embeddable":true,"href":"https:\/\/www.hengesbach-gallery.com\/en\/wp-json\/wp\/v2\/tags?post=3228"}],"curies":[{"name":"wp","href":"https:\/\/api.w.org\/{rel}","templated":true}]}}